{"id":6314,"date":"2024-04-02T08:22:14","date_gmt":"2024-04-02T08:22:14","guid":{"rendered":"http:\/\/ilan.tavsanli.bel.tr\/?p=6314"},"modified":"2024-04-02T08:22:14","modified_gmt":"2024-04-02T08:22:14","slug":"6314","status":"publish","type":"post","link":"http:\/\/ilan.tavsanli.bel.tr\/index.php\/2024\/04\/02\/6314\/","title":{"rendered":""},"content":{"rendered":"<p>Karc\u0131k k\u00f6y\u00fcnden Mustafa \u00d6zt\u00fcrk\u2019\u00fcn o\u011flu, \u00d6mer, Talip ve Bekir \u00d6zt\u00fcrk\u2019\u00fcn babalar\u0131, Kas\u0131m \u00d6zt\u00fcrk\u2019\u00fcn kay\u0131npederi, MUSTAFA \u00d6ZT\u00dcRK vefat etmi\u015ftir. Cenazesi \u00f6\u011fle namaz\u0131n\u0131 m\u00fcteakip karc\u0131k k\u00f6y\u00fc mezarl\u0131\u011f\u0131na defnedilecektir. Merhuma Allah\u2019tan rahmetle ailesine ve yak\u0131nlar\u0131na ba\u015fsa\u011fl\u0131\u011f\u0131 dileriz.<\/p>\n","protected":false},"excerpt":{"rendered":"<p>Karc\u0131k k\u00f6y\u00fcnden Mustafa \u00d6zt\u00fcrk\u2019\u00fcn o\u011flu, \u00d6mer, Talip ve Bekir \u00d6zt\u00fcrk\u2019\u00fcn babalar\u0131, Kas\u0131m \u00d6zt\u00fcrk\u2019\u00fcn kay\u0131npederi, MUSTAFA \u00d6ZT\u00dcRK vefat etmi\u015ftir. Cenazesi \u00f6\u011fle namaz\u0131n\u0131 m\u00fcteakip karc\u0131k k\u00f6y\u00fc mezarl\u0131\u011f\u0131na defnedilecektir. Merhuma Allah\u2019tan rahmetle ailesine ve yak\u0131nlar\u0131na ba\u015fsa\u011fl\u0131\u011f\u0131 dileriz.<\/p>\n","protected":false},"author":7,"featured_media":0,"comment_status":"closed","ping_status":"closed","sticky":false,"template":"","format":"standard","meta":[],"categories":[2],"tags":[],"_links":{"self":[{"href":"http:\/\/ilan.tavsanli.bel.tr\/index.php\/wp-json\/wp\/v2\/posts\/6314"}],"collection":[{"href":"http:\/\/ilan.tavsanli.bel.tr\/index.php\/wp-json\/wp\/v2\/posts"}],"about":[{"href":"http:\/\/ilan.tavsanli.bel.tr\/index.php\/wp-json\/wp\/v2\/types\/post"}],"author":[{"embeddable":true,"href":"http:\/\/ilan.tavsanli.bel.tr\/index.php\/wp-json\/wp\/v2\/users\/7"}],"replies":[{"embeddable":true,"href":"http:\/\/ilan.tavsanli.bel.tr\/index.php\/wp-json\/wp\/v2\/comments?post=6314"}],"version-history":[{"count":1,"href":"http:\/\/ilan.tavsanli.bel.tr\/index.php\/wp-json\/wp\/v2\/posts\/6314\/revisions"}],"predecessor-version":[{"id":6315,"href":"http:\/\/ilan.tavsanli.bel.tr\/index.php\/wp-json\/wp\/v2\/posts\/6314\/revisions\/6315"}],"wp:attachment":[{"href":"http:\/\/ilan.tavsanli.bel.tr\/index.php\/wp-json\/wp\/v2\/media?parent=6314"}],"wp:term":[{"taxonomy":"category","embeddable":true,"href":"http:\/\/ilan.tavsanli.bel.tr\/index.php\/wp-json\/wp\/v2\/categories?post=6314"},{"taxonomy":"post_tag","embeddable":true,"href":"http:\/\/ilan.tavsanli.bel.tr\/index.php\/wp-json\/wp\/v2\/tags?post=6314"}],"curies":[{"name":"wp","href":"https:\/\/api.w.org\/{rel}","templated":true}]}}