{"id":6310,"date":"2024-04-02T08:21:41","date_gmt":"2024-04-02T08:21:41","guid":{"rendered":"http:\/\/ilan.tavsanli.bel.tr\/?p=6310"},"modified":"2024-04-02T08:21:41","modified_gmt":"2024-04-02T08:21:41","slug":"6310","status":"publish","type":"post","link":"http:\/\/ilan.tavsanli.bel.tr\/index.php\/2024\/04\/02\/6310\/","title":{"rendered":""},"content":{"rendered":"<p>Emet s\u00fclye k\u00f6y\u00fcnden Bahattin ve Mustafa Vural\u2019\u0131n babalar\u0131, Duras\u0131 Ayan, Ahmet Y\u00fcce, Enver \u00c7elebi, Kadir Arl\u0131, Mustafa Zeybek ve merhum Osman Uysal\u2019\u0131n kay\u0131npederi, HOCA AL\u0130 VURAL vefat etmi\u015ftir. Cenazesi \u00f6\u011fle namaz\u0131n\u0131 m\u00fcteakip s\u00fclye k\u00f6y\u00fc alanba\u015f\u0131 mezarl\u0131\u011f\u0131na defnedilecektir. Merhuma Allah\u2019tan rahmet ailesine ve yak\u0131nlar\u0131na ba\u015fsa\u011fl\u0131\u011f\u0131 dileriz.<\/p>\n","protected":false},"excerpt":{"rendered":"<p>Emet s\u00fclye k\u00f6y\u00fcnden Bahattin ve Mustafa Vural\u2019\u0131n babalar\u0131, Duras\u0131 Ayan, Ahmet Y\u00fcce, Enver \u00c7elebi, Kadir Arl\u0131, Mustafa Zeybek ve merhum Osman Uysal\u2019\u0131n kay\u0131npederi, HOCA AL\u0130 VURAL vefat etmi\u015ftir. Cenazesi \u00f6\u011fle namaz\u0131n\u0131 m\u00fcteakip s\u00fclye k\u00f6y\u00fc alanba\u015f\u0131 mezarl\u0131\u011f\u0131na defnedilecektir. Merhuma Allah\u2019tan rahmet ailesine ve yak\u0131nlar\u0131na ba\u015fsa\u011fl\u0131\u011f\u0131 dileriz.<\/p>\n","protected":false},"author":7,"featured_media":0,"comment_status":"closed","ping_status":"closed","sticky":false,"template":"","format":"standard","meta":[],"categories":[2],"tags":[],"_links":{"self":[{"href":"http:\/\/ilan.tavsanli.bel.tr\/index.php\/wp-json\/wp\/v2\/posts\/6310"}],"collection":[{"href":"http:\/\/ilan.tavsanli.bel.tr\/index.php\/wp-json\/wp\/v2\/posts"}],"about":[{"href":"http:\/\/ilan.tavsanli.bel.tr\/index.php\/wp-json\/wp\/v2\/types\/post"}],"author":[{"embeddable":true,"href":"http:\/\/ilan.tavsanli.bel.tr\/index.php\/wp-json\/wp\/v2\/users\/7"}],"replies":[{"embeddable":true,"href":"http:\/\/ilan.tavsanli.bel.tr\/index.php\/wp-json\/wp\/v2\/comments?post=6310"}],"version-history":[{"count":1,"href":"http:\/\/ilan.tavsanli.bel.tr\/index.php\/wp-json\/wp\/v2\/posts\/6310\/revisions"}],"predecessor-version":[{"id":6311,"href":"http:\/\/ilan.tavsanli.bel.tr\/index.php\/wp-json\/wp\/v2\/posts\/6310\/revisions\/6311"}],"wp:attachment":[{"href":"http:\/\/ilan.tavsanli.bel.tr\/index.php\/wp-json\/wp\/v2\/media?parent=6310"}],"wp:term":[{"taxonomy":"category","embeddable":true,"href":"http:\/\/ilan.tavsanli.bel.tr\/index.php\/wp-json\/wp\/v2\/categories?post=6310"},{"taxonomy":"post_tag","embeddable":true,"href":"http:\/\/ilan.tavsanli.bel.tr\/index.php\/wp-json\/wp\/v2\/tags?post=6310"}],"curies":[{"name":"wp","href":"https:\/\/api.w.org\/{rel}","templated":true}]}}