{"id":6301,"date":"2024-03-31T09:01:56","date_gmt":"2024-03-31T09:01:56","guid":{"rendered":"http:\/\/ilan.tavsanli.bel.tr\/?p=6301"},"modified":"2024-03-31T09:01:56","modified_gmt":"2024-03-31T09:01:56","slug":"6301","status":"publish","type":"post","link":"http:\/\/ilan.tavsanli.bel.tr\/index.php\/2024\/03\/31\/6301\/","title":{"rendered":""},"content":{"rendered":"<p>Ayval\u0131 k\u00f6y\u00fcnden imam alilerin Ahmet Uysal&#8217;\u0131n e\u015fi, Cafer Uysal&#8217;\u0131n annesi, Hatice, Ali Uysal ve Kadriye Kul&#8217;un ablas\u0131, Mehmet Turan&#8217;\u0131n kay\u0131nvalidesi, EM\u0130NE UYSAL vefat etmi\u015ftir. Cenazesi \u00f6\u011fle namaz\u0131n\u0131 m\u00fcteakip ayval\u0131 k\u00f6y\u00fc mezarl\u0131\u011f\u0131na defnedilecektir. Merhumeye Allah&#8217;tan rahmet ailesine ve yak\u0131nlar\u0131na ba\u015fsa\u011fl\u0131\u011f\u0131 dileriz.<\/p>\n","protected":false},"excerpt":{"rendered":"<p>Ayval\u0131 k\u00f6y\u00fcnden imam alilerin Ahmet Uysal&#8217;\u0131n e\u015fi, Cafer Uysal&#8217;\u0131n annesi, Hatice, Ali Uysal ve Kadriye Kul&#8217;un ablas\u0131, Mehmet Turan&#8217;\u0131n kay\u0131nvalidesi, EM\u0130NE UYSAL vefat etmi\u015ftir. Cenazesi \u00f6\u011fle namaz\u0131n\u0131 m\u00fcteakip ayval\u0131 k\u00f6y\u00fc mezarl\u0131\u011f\u0131na defnedilecektir. Merhumeye Allah&#8217;tan rahmet ailesine ve yak\u0131nlar\u0131na ba\u015fsa\u011fl\u0131\u011f\u0131 dileriz.<\/p>\n","protected":false},"author":7,"featured_media":0,"comment_status":"closed","ping_status":"closed","sticky":false,"template":"","format":"standard","meta":[],"categories":[2],"tags":[],"_links":{"self":[{"href":"http:\/\/ilan.tavsanli.bel.tr\/index.php\/wp-json\/wp\/v2\/posts\/6301"}],"collection":[{"href":"http:\/\/ilan.tavsanli.bel.tr\/index.php\/wp-json\/wp\/v2\/posts"}],"about":[{"href":"http:\/\/ilan.tavsanli.bel.tr\/index.php\/wp-json\/wp\/v2\/types\/post"}],"author":[{"embeddable":true,"href":"http:\/\/ilan.tavsanli.bel.tr\/index.php\/wp-json\/wp\/v2\/users\/7"}],"replies":[{"embeddable":true,"href":"http:\/\/ilan.tavsanli.bel.tr\/index.php\/wp-json\/wp\/v2\/comments?post=6301"}],"version-history":[{"count":1,"href":"http:\/\/ilan.tavsanli.bel.tr\/index.php\/wp-json\/wp\/v2\/posts\/6301\/revisions"}],"predecessor-version":[{"id":6302,"href":"http:\/\/ilan.tavsanli.bel.tr\/index.php\/wp-json\/wp\/v2\/posts\/6301\/revisions\/6302"}],"wp:attachment":[{"href":"http:\/\/ilan.tavsanli.bel.tr\/index.php\/wp-json\/wp\/v2\/media?parent=6301"}],"wp:term":[{"taxonomy":"category","embeddable":true,"href":"http:\/\/ilan.tavsanli.bel.tr\/index.php\/wp-json\/wp\/v2\/categories?post=6301"},{"taxonomy":"post_tag","embeddable":true,"href":"http:\/\/ilan.tavsanli.bel.tr\/index.php\/wp-json\/wp\/v2\/tags?post=6301"}],"curies":[{"name":"wp","href":"https:\/\/api.w.org\/{rel}","templated":true}]}}