{"id":6287,"date":"2024-03-27T08:10:32","date_gmt":"2024-03-27T08:10:32","guid":{"rendered":"http:\/\/ilan.tavsanli.bel.tr\/?p=6287"},"modified":"2024-03-27T08:10:32","modified_gmt":"2024-03-27T08:10:32","slug":"6287","status":"publish","type":"post","link":"http:\/\/ilan.tavsanli.bel.tr\/index.php\/2024\/03\/27\/6287\/","title":{"rendered":""},"content":{"rendered":"<p><span data-offset-key=\"9cunh-0-0\">Bal\u0131k\u00f6y do\u011fanlar k\u00f6y\u00fcnden merhum Muhsin Y\u0131lmaz\u2019\u0131n e\u015fi, Yal\u00e7\u0131n ve Halil Y\u0131lmaz\u2019\u0131n anneleri, Mehmet Y\u0131ld\u0131r\u0131m ve Erkan Y\u0131lmaz\u2019\u0131n kay\u0131nvalidesi, G\u00dcLH\u0130ZAR YILMAZ vefat etmi\u015ftir. Cenazesi han\u0131m\u00e7e\u015fme <\/span><span data-offset-key=\"9cunh-1-0\">camisinde<\/span><span data-offset-key=\"9cunh-2-0\"> k\u0131l\u0131nacak \u00f6\u011fle namaz\u0131n\u0131 m\u00fcteakip Tav\u015fanl\u0131 mezarl\u0131\u011f\u0131na defnedilecektir. Merhumeye Allah\u2019tan rahmet ailesine ve yak\u0131nlar\u0131na ba\u015fsa\u011fl\u0131\u011f\u0131 dileriz.<\/span><\/p>\n","protected":false},"excerpt":{"rendered":"<p>Bal\u0131k\u00f6y do\u011fanlar k\u00f6y\u00fcnden merhum Muhsin Y\u0131lmaz\u2019\u0131n e\u015fi, Yal\u00e7\u0131n ve Halil Y\u0131lmaz\u2019\u0131n anneleri, Mehmet Y\u0131ld\u0131r\u0131m ve Erkan Y\u0131lmaz\u2019\u0131n kay\u0131nvalidesi, G\u00dcLH\u0130ZAR YILMAZ vefat etmi\u015ftir. Cenazesi han\u0131m\u00e7e\u015fme camisinde k\u0131l\u0131nacak \u00f6\u011fle namaz\u0131n\u0131 m\u00fcteakip Tav\u015fanl\u0131 mezarl\u0131\u011f\u0131na defnedilecektir. Merhumeye Allah\u2019tan rahmet ailesine ve yak\u0131nlar\u0131na ba\u015fsa\u011fl\u0131\u011f\u0131 dileriz.<\/p>\n","protected":false},"author":7,"featured_media":0,"comment_status":"closed","ping_status":"closed","sticky":false,"template":"","format":"standard","meta":[],"categories":[2],"tags":[],"_links":{"self":[{"href":"http:\/\/ilan.tavsanli.bel.tr\/index.php\/wp-json\/wp\/v2\/posts\/6287"}],"collection":[{"href":"http:\/\/ilan.tavsanli.bel.tr\/index.php\/wp-json\/wp\/v2\/posts"}],"about":[{"href":"http:\/\/ilan.tavsanli.bel.tr\/index.php\/wp-json\/wp\/v2\/types\/post"}],"author":[{"embeddable":true,"href":"http:\/\/ilan.tavsanli.bel.tr\/index.php\/wp-json\/wp\/v2\/users\/7"}],"replies":[{"embeddable":true,"href":"http:\/\/ilan.tavsanli.bel.tr\/index.php\/wp-json\/wp\/v2\/comments?post=6287"}],"version-history":[{"count":1,"href":"http:\/\/ilan.tavsanli.bel.tr\/index.php\/wp-json\/wp\/v2\/posts\/6287\/revisions"}],"predecessor-version":[{"id":6288,"href":"http:\/\/ilan.tavsanli.bel.tr\/index.php\/wp-json\/wp\/v2\/posts\/6287\/revisions\/6288"}],"wp:attachment":[{"href":"http:\/\/ilan.tavsanli.bel.tr\/index.php\/wp-json\/wp\/v2\/media?parent=6287"}],"wp:term":[{"taxonomy":"category","embeddable":true,"href":"http:\/\/ilan.tavsanli.bel.tr\/index.php\/wp-json\/wp\/v2\/categories?post=6287"},{"taxonomy":"post_tag","embeddable":true,"href":"http:\/\/ilan.tavsanli.bel.tr\/index.php\/wp-json\/wp\/v2\/tags?post=6287"}],"curies":[{"name":"wp","href":"https:\/\/api.w.org\/{rel}","templated":true}]}}