{"id":620,"date":"2021-02-04T09:00:12","date_gmt":"2021-02-04T09:00:12","guid":{"rendered":"http:\/\/ilan.tavsanli.bel.tr\/?p=620"},"modified":"2021-02-04T09:00:12","modified_gmt":"2021-02-04T09:00:12","slug":"620","status":"publish","type":"post","link":"http:\/\/ilan.tavsanli.bel.tr\/index.php\/2021\/02\/04\/620\/","title":{"rendered":""},"content":{"rendered":"\n<p>Bozbelen k\u00f6y\u00fcnden \u015eerife Din\u00e7\u2019in e\u015fi, G.L. \u0130 emekli i\u015f\u00e7ilerinden Yakup Er ve \u0130stanbul B\u00fcy\u00fck\u015fehir Belediye personelinden Mehmet Tekin\u2019in kay\u0131npederi, Mehmet, Yakup ve Tav\u015fanl\u0131 Milli emlak \u015fefli\u011fi personelinden \u00d6mer Din\u00e7\u2019in babalar\u0131 G.L. \u0130 emekli i\u015f\u00e7ilerinden AL\u0130 D\u0130N\u00c7 vefat etmi\u015ftir. Cenazesi Saat:12.00 de Tav\u015fanl\u0131 mezarl\u0131\u011f\u0131na defnedilecektir. Merhuma \u00a0Allah\u2019tan rahmet, ailesi ve yak\u0131nlar\u0131na ba\u015fsa\u011fl\u0131\u011f\u0131 dileriz<\/p>\n","protected":false},"excerpt":{"rendered":"<p>Bozbelen k\u00f6y\u00fcnden \u015eerife Din\u00e7\u2019in e\u015fi, G.L. \u0130 emekli i\u015f\u00e7ilerinden Yakup Er ve \u0130stanbul B\u00fcy\u00fck\u015fehir Belediye personelinden Mehmet Tekin\u2019in kay\u0131npederi, Mehmet, Yakup ve Tav\u015fanl\u0131 Milli emlak \u015fefli\u011fi personelinden \u00d6mer Din\u00e7\u2019in babalar\u0131 G.L. \u0130 emekli i\u015f\u00e7ilerinden AL\u0130 D\u0130N\u00c7 vefat etmi\u015ftir. Cenazesi Saat:12.00 de Tav\u015fanl\u0131 mezarl\u0131\u011f\u0131na defnedilecektir. Merhuma \u00a0Allah\u2019tan rahmet, ailesi ve yak\u0131nlar\u0131na ba\u015fsa\u011fl\u0131\u011f\u0131 dileriz<\/p>\n","protected":false},"author":4,"featured_media":0,"comment_status":"closed","ping_status":"","sticky":false,"template":"","format":"standard","meta":[],"categories":[2],"tags":[],"_links":{"self":[{"href":"http:\/\/ilan.tavsanli.bel.tr\/index.php\/wp-json\/wp\/v2\/posts\/620"}],"collection":[{"href":"http:\/\/ilan.tavsanli.bel.tr\/index.php\/wp-json\/wp\/v2\/posts"}],"about":[{"href":"http:\/\/ilan.tavsanli.bel.tr\/index.php\/wp-json\/wp\/v2\/types\/post"}],"author":[{"embeddable":true,"href":"http:\/\/ilan.tavsanli.bel.tr\/index.php\/wp-json\/wp\/v2\/users\/4"}],"replies":[{"embeddable":true,"href":"http:\/\/ilan.tavsanli.bel.tr\/index.php\/wp-json\/wp\/v2\/comments?post=620"}],"version-history":[{"count":1,"href":"http:\/\/ilan.tavsanli.bel.tr\/index.php\/wp-json\/wp\/v2\/posts\/620\/revisions"}],"predecessor-version":[{"id":621,"href":"http:\/\/ilan.tavsanli.bel.tr\/index.php\/wp-json\/wp\/v2\/posts\/620\/revisions\/621"}],"wp:attachment":[{"href":"http:\/\/ilan.tavsanli.bel.tr\/index.php\/wp-json\/wp\/v2\/media?parent=620"}],"wp:term":[{"taxonomy":"category","embeddable":true,"href":"http:\/\/ilan.tavsanli.bel.tr\/index.php\/wp-json\/wp\/v2\/categories?post=620"},{"taxonomy":"post_tag","embeddable":true,"href":"http:\/\/ilan.tavsanli.bel.tr\/index.php\/wp-json\/wp\/v2\/tags?post=620"}],"curies":[{"name":"wp","href":"https:\/\/api.w.org\/{rel}","templated":true}]}}