{"id":618,"date":"2021-02-04T08:59:54","date_gmt":"2021-02-04T08:59:54","guid":{"rendered":"http:\/\/ilan.tavsanli.bel.tr\/?p=618"},"modified":"2021-02-04T08:59:54","modified_gmt":"2021-02-04T08:59:54","slug":"618","status":"publish","type":"post","link":"http:\/\/ilan.tavsanli.bel.tr\/index.php\/2021\/02\/04\/618\/","title":{"rendered":""},"content":{"rendered":"\n<p>\u00c7ardakl\u0131 mahallesinden merhum Mehmet Y\u00fcksel\u2019in o\u011flu merhum Ahmet Y\u00fcksel\u2019in karde\u015fi, berber Mehmet ve Sondajc\u0131 Engin Y\u00fcksel\u2019in babalar\u0131 Osman Kaya ve Mustafa \u00d6nol\u2019un kay\u0131npederi YAS\u0130N Y\u00dcKSEL vefat etmi\u015ftir. Cenazesi Saat:12.00 de \u00c7ardakl\u0131 Mahallesi mezarl\u0131\u011f\u0131na defnedilecektir. Merhuma \u00a0Allah\u2019tan rahmet, ailesi ve yak\u0131nlar\u0131na ba\u015fsa\u011fl\u0131\u011f\u0131 dileriz.<\/p>\n","protected":false},"excerpt":{"rendered":"<p>\u00c7ardakl\u0131 mahallesinden merhum Mehmet Y\u00fcksel\u2019in o\u011flu merhum Ahmet Y\u00fcksel\u2019in karde\u015fi, berber Mehmet ve Sondajc\u0131 Engin Y\u00fcksel\u2019in babalar\u0131 Osman Kaya ve Mustafa \u00d6nol\u2019un kay\u0131npederi YAS\u0130N Y\u00dcKSEL vefat etmi\u015ftir. Cenazesi Saat:12.00 de \u00c7ardakl\u0131 Mahallesi mezarl\u0131\u011f\u0131na defnedilecektir. Merhuma \u00a0Allah\u2019tan rahmet, ailesi ve yak\u0131nlar\u0131na ba\u015fsa\u011fl\u0131\u011f\u0131 dileriz.<\/p>\n","protected":false},"author":4,"featured_media":0,"comment_status":"closed","ping_status":"","sticky":false,"template":"","format":"standard","meta":[],"categories":[2],"tags":[],"_links":{"self":[{"href":"http:\/\/ilan.tavsanli.bel.tr\/index.php\/wp-json\/wp\/v2\/posts\/618"}],"collection":[{"href":"http:\/\/ilan.tavsanli.bel.tr\/index.php\/wp-json\/wp\/v2\/posts"}],"about":[{"href":"http:\/\/ilan.tavsanli.bel.tr\/index.php\/wp-json\/wp\/v2\/types\/post"}],"author":[{"embeddable":true,"href":"http:\/\/ilan.tavsanli.bel.tr\/index.php\/wp-json\/wp\/v2\/users\/4"}],"replies":[{"embeddable":true,"href":"http:\/\/ilan.tavsanli.bel.tr\/index.php\/wp-json\/wp\/v2\/comments?post=618"}],"version-history":[{"count":1,"href":"http:\/\/ilan.tavsanli.bel.tr\/index.php\/wp-json\/wp\/v2\/posts\/618\/revisions"}],"predecessor-version":[{"id":619,"href":"http:\/\/ilan.tavsanli.bel.tr\/index.php\/wp-json\/wp\/v2\/posts\/618\/revisions\/619"}],"wp:attachment":[{"href":"http:\/\/ilan.tavsanli.bel.tr\/index.php\/wp-json\/wp\/v2\/media?parent=618"}],"wp:term":[{"taxonomy":"category","embeddable":true,"href":"http:\/\/ilan.tavsanli.bel.tr\/index.php\/wp-json\/wp\/v2\/categories?post=618"},{"taxonomy":"post_tag","embeddable":true,"href":"http:\/\/ilan.tavsanli.bel.tr\/index.php\/wp-json\/wp\/v2\/tags?post=618"}],"curies":[{"name":"wp","href":"https:\/\/api.w.org\/{rel}","templated":true}]}}