{"id":6108,"date":"2024-02-21T11:07:39","date_gmt":"2024-02-21T11:07:39","guid":{"rendered":"http:\/\/ilan.tavsanli.bel.tr\/?p=6108"},"modified":"2024-02-21T11:07:39","modified_gmt":"2024-02-21T11:07:39","slug":"6108","status":"publish","type":"post","link":"http:\/\/ilan.tavsanli.bel.tr\/index.php\/2024\/02\/21\/6108\/","title":{"rendered":""},"content":{"rendered":"<p>\u00c7aldibi k\u00f6y\u00fcnden Halil Alt\u0131nbay\u2019\u0131n o\u011flu, Esma Alt\u0131nbay\u2019\u0131n e\u015fi, Celal, Sabahattin ve \u0130smail Alt\u0131nbay\u2019\u0131n babalar\u0131, Necati Alt\u0131nbay ve Ali Sekmen\u2019in kay\u0131npederi, OSMAN ALTINBAY vefat etmi\u015ftir. Cenazesi \u00f6\u011fle namaz\u0131n\u0131 m\u00fcteakip \u00e7aldibi k\u00f6y\u00fc mezarl\u0131\u011f\u0131na defnedilecektir. Merhuma Allah\u2019tan rahmet ailesine ve yak\u0131nlar\u0131na ba\u015fsa\u011fl\u0131\u011f\u0131 dileriz.<\/p>\n","protected":false},"excerpt":{"rendered":"<p>\u00c7aldibi k\u00f6y\u00fcnden Halil Alt\u0131nbay\u2019\u0131n o\u011flu, Esma Alt\u0131nbay\u2019\u0131n e\u015fi, Celal, Sabahattin ve \u0130smail Alt\u0131nbay\u2019\u0131n babalar\u0131, Necati Alt\u0131nbay ve Ali Sekmen\u2019in kay\u0131npederi, OSMAN ALTINBAY vefat etmi\u015ftir. Cenazesi \u00f6\u011fle namaz\u0131n\u0131 m\u00fcteakip \u00e7aldibi k\u00f6y\u00fc mezarl\u0131\u011f\u0131na defnedilecektir. Merhuma Allah\u2019tan rahmet ailesine ve yak\u0131nlar\u0131na ba\u015fsa\u011fl\u0131\u011f\u0131 dileriz.<\/p>\n","protected":false},"author":7,"featured_media":0,"comment_status":"closed","ping_status":"closed","sticky":false,"template":"","format":"standard","meta":[],"categories":[2],"tags":[],"_links":{"self":[{"href":"http:\/\/ilan.tavsanli.bel.tr\/index.php\/wp-json\/wp\/v2\/posts\/6108"}],"collection":[{"href":"http:\/\/ilan.tavsanli.bel.tr\/index.php\/wp-json\/wp\/v2\/posts"}],"about":[{"href":"http:\/\/ilan.tavsanli.bel.tr\/index.php\/wp-json\/wp\/v2\/types\/post"}],"author":[{"embeddable":true,"href":"http:\/\/ilan.tavsanli.bel.tr\/index.php\/wp-json\/wp\/v2\/users\/7"}],"replies":[{"embeddable":true,"href":"http:\/\/ilan.tavsanli.bel.tr\/index.php\/wp-json\/wp\/v2\/comments?post=6108"}],"version-history":[{"count":1,"href":"http:\/\/ilan.tavsanli.bel.tr\/index.php\/wp-json\/wp\/v2\/posts\/6108\/revisions"}],"predecessor-version":[{"id":6109,"href":"http:\/\/ilan.tavsanli.bel.tr\/index.php\/wp-json\/wp\/v2\/posts\/6108\/revisions\/6109"}],"wp:attachment":[{"href":"http:\/\/ilan.tavsanli.bel.tr\/index.php\/wp-json\/wp\/v2\/media?parent=6108"}],"wp:term":[{"taxonomy":"category","embeddable":true,"href":"http:\/\/ilan.tavsanli.bel.tr\/index.php\/wp-json\/wp\/v2\/categories?post=6108"},{"taxonomy":"post_tag","embeddable":true,"href":"http:\/\/ilan.tavsanli.bel.tr\/index.php\/wp-json\/wp\/v2\/tags?post=6108"}],"curies":[{"name":"wp","href":"https:\/\/api.w.org\/{rel}","templated":true}]}}