{"id":6102,"date":"2024-02-21T11:06:57","date_gmt":"2024-02-21T11:06:57","guid":{"rendered":"http:\/\/ilan.tavsanli.bel.tr\/?p=6102"},"modified":"2024-02-21T11:06:57","modified_gmt":"2024-02-21T11:06:57","slug":"6102","status":"publish","type":"post","link":"http:\/\/ilan.tavsanli.bel.tr\/index.php\/2024\/02\/21\/6102\/","title":{"rendered":""},"content":{"rendered":"<p>H\u00fcsn\u00fc Sar\u0131\u2019n\u0131n karde\u015fi, Resul Sar\u0131\u2019n\u0131n babas\u0131, Sinan Yi\u011fit\u2019in kay\u0131npederi, Halil Duyan\u2019\u0131n kay\u0131nbiraderi, Tun\u00e7bilek belediyesi emekli i\u015f\u00e7ilerinden FEVZ\u0130 SARI vefat etmi\u015ftir. Cenazesi \u00f6\u011fle namaz\u0131n\u0131 m\u00fcteakip tun\u00e7bilek beldesi merkez mezarl\u0131\u011f\u0131na defnedilecektir. Merhuma Allah\u2019tan rahmet ailesine ve yak\u0131nlar\u0131na ba\u015fsa\u011fl\u0131\u011f\u0131 dileriz.<\/p>\n","protected":false},"excerpt":{"rendered":"<p>H\u00fcsn\u00fc Sar\u0131\u2019n\u0131n karde\u015fi, Resul Sar\u0131\u2019n\u0131n babas\u0131, Sinan Yi\u011fit\u2019in kay\u0131npederi, Halil Duyan\u2019\u0131n kay\u0131nbiraderi, Tun\u00e7bilek belediyesi emekli i\u015f\u00e7ilerinden FEVZ\u0130 SARI vefat etmi\u015ftir. Cenazesi \u00f6\u011fle namaz\u0131n\u0131 m\u00fcteakip tun\u00e7bilek beldesi merkez mezarl\u0131\u011f\u0131na defnedilecektir. Merhuma Allah\u2019tan rahmet ailesine ve yak\u0131nlar\u0131na ba\u015fsa\u011fl\u0131\u011f\u0131 dileriz.<\/p>\n","protected":false},"author":7,"featured_media":0,"comment_status":"closed","ping_status":"closed","sticky":false,"template":"","format":"standard","meta":[],"categories":[2],"tags":[],"_links":{"self":[{"href":"http:\/\/ilan.tavsanli.bel.tr\/index.php\/wp-json\/wp\/v2\/posts\/6102"}],"collection":[{"href":"http:\/\/ilan.tavsanli.bel.tr\/index.php\/wp-json\/wp\/v2\/posts"}],"about":[{"href":"http:\/\/ilan.tavsanli.bel.tr\/index.php\/wp-json\/wp\/v2\/types\/post"}],"author":[{"embeddable":true,"href":"http:\/\/ilan.tavsanli.bel.tr\/index.php\/wp-json\/wp\/v2\/users\/7"}],"replies":[{"embeddable":true,"href":"http:\/\/ilan.tavsanli.bel.tr\/index.php\/wp-json\/wp\/v2\/comments?post=6102"}],"version-history":[{"count":1,"href":"http:\/\/ilan.tavsanli.bel.tr\/index.php\/wp-json\/wp\/v2\/posts\/6102\/revisions"}],"predecessor-version":[{"id":6103,"href":"http:\/\/ilan.tavsanli.bel.tr\/index.php\/wp-json\/wp\/v2\/posts\/6102\/revisions\/6103"}],"wp:attachment":[{"href":"http:\/\/ilan.tavsanli.bel.tr\/index.php\/wp-json\/wp\/v2\/media?parent=6102"}],"wp:term":[{"taxonomy":"category","embeddable":true,"href":"http:\/\/ilan.tavsanli.bel.tr\/index.php\/wp-json\/wp\/v2\/categories?post=6102"},{"taxonomy":"post_tag","embeddable":true,"href":"http:\/\/ilan.tavsanli.bel.tr\/index.php\/wp-json\/wp\/v2\/tags?post=6102"}],"curies":[{"name":"wp","href":"https:\/\/api.w.org\/{rel}","templated":true}]}}