{"id":6094,"date":"2024-02-21T11:05:22","date_gmt":"2024-02-21T11:05:22","guid":{"rendered":"http:\/\/ilan.tavsanli.bel.tr\/?p=6094"},"modified":"2024-02-21T11:05:22","modified_gmt":"2024-02-21T11:05:22","slug":"6094","status":"publish","type":"post","link":"http:\/\/ilan.tavsanli.bel.tr\/index.php\/2024\/02\/21\/6094\/","title":{"rendered":""},"content":{"rendered":"<p>18.02.2024 PAZAR<\/p>\n<p>*** Bal\u0131k\u00f6y soluganlar mahallesinden Ahmet ve \u00d6nder Y\u0131lmaz&#8217;\u0131n babalar\u0131, Osman \u00d6zt\u00fcrk, Ramazan Demir ve \u0130smail T\u00fcrker&#8217;in kay\u0131npederi, m\u00fcteahhit lakapl\u0131 MUSTAFA YILMAZ vefat etmi\u015ftir. Cenazesi \u00f6\u011fle namaz\u0131n\u0131 m\u00fcteakip bal\u0131k\u00f6y soluganlar mahallesi mezarl\u0131\u011f\u0131na defnedilecektir. Merhuma Allah&#8217;tan rahmet ailesine ve yak\u0131nlar\u0131na ba\u015fsa\u011fl\u0131\u011f\u0131 dileriz.<\/p>\n","protected":false},"excerpt":{"rendered":"<p>18.02.2024 PAZAR *** Bal\u0131k\u00f6y soluganlar mahallesinden Ahmet ve \u00d6nder Y\u0131lmaz&#8217;\u0131n babalar\u0131, Osman \u00d6zt\u00fcrk, Ramazan Demir ve \u0130smail T\u00fcrker&#8217;in kay\u0131npederi, m\u00fcteahhit lakapl\u0131 MUSTAFA YILMAZ vefat etmi\u015ftir. Cenazesi \u00f6\u011fle namaz\u0131n\u0131 m\u00fcteakip bal\u0131k\u00f6y soluganlar mahallesi mezarl\u0131\u011f\u0131na defnedilecektir. Merhuma Allah&#8217;tan rahmet ailesine ve yak\u0131nlar\u0131na ba\u015fsa\u011fl\u0131\u011f\u0131 dileriz.<\/p>\n","protected":false},"author":7,"featured_media":0,"comment_status":"closed","ping_status":"closed","sticky":false,"template":"","format":"standard","meta":[],"categories":[2],"tags":[],"_links":{"self":[{"href":"http:\/\/ilan.tavsanli.bel.tr\/index.php\/wp-json\/wp\/v2\/posts\/6094"}],"collection":[{"href":"http:\/\/ilan.tavsanli.bel.tr\/index.php\/wp-json\/wp\/v2\/posts"}],"about":[{"href":"http:\/\/ilan.tavsanli.bel.tr\/index.php\/wp-json\/wp\/v2\/types\/post"}],"author":[{"embeddable":true,"href":"http:\/\/ilan.tavsanli.bel.tr\/index.php\/wp-json\/wp\/v2\/users\/7"}],"replies":[{"embeddable":true,"href":"http:\/\/ilan.tavsanli.bel.tr\/index.php\/wp-json\/wp\/v2\/comments?post=6094"}],"version-history":[{"count":1,"href":"http:\/\/ilan.tavsanli.bel.tr\/index.php\/wp-json\/wp\/v2\/posts\/6094\/revisions"}],"predecessor-version":[{"id":6095,"href":"http:\/\/ilan.tavsanli.bel.tr\/index.php\/wp-json\/wp\/v2\/posts\/6094\/revisions\/6095"}],"wp:attachment":[{"href":"http:\/\/ilan.tavsanli.bel.tr\/index.php\/wp-json\/wp\/v2\/media?parent=6094"}],"wp:term":[{"taxonomy":"category","embeddable":true,"href":"http:\/\/ilan.tavsanli.bel.tr\/index.php\/wp-json\/wp\/v2\/categories?post=6094"},{"taxonomy":"post_tag","embeddable":true,"href":"http:\/\/ilan.tavsanli.bel.tr\/index.php\/wp-json\/wp\/v2\/tags?post=6094"}],"curies":[{"name":"wp","href":"https:\/\/api.w.org\/{rel}","templated":true}]}}