{"id":6090,"date":"2024-02-21T10:59:35","date_gmt":"2024-02-21T10:59:35","guid":{"rendered":"http:\/\/ilan.tavsanli.bel.tr\/?p=6090"},"modified":"2024-02-21T10:59:35","modified_gmt":"2024-02-21T10:59:35","slug":"6090","status":"publish","type":"post","link":"http:\/\/ilan.tavsanli.bel.tr\/index.php\/2024\/02\/21\/6090\/","title":{"rendered":""},"content":{"rendered":"<p>17.02.2024 CUMARTES\u0130<\/p>\n<p>Domani\u00e7 K\u0131r\u0131k k\u00f6y\u00fc sak\u0131zl\u0131k mahallesinden, Nefise ve merhum H\u00fcseyin \u00c7etin\u2019in o\u011flu, Meryem \u00c7etin\u2019in e\u015fi, \u0130lhan, Beyhan, Nefise ve R\u0131dvan \u00c7etin\u2019in babalar\u0131, eski \u015fof\u00f6rlerden OSMAN \u00c7ET\u0130N vefat etmi\u015ftir. Cenazesi ikindi namaz\u0131n\u0131 m\u00fcteakip k\u0131r\u0131k k\u00f6y\u00fc sak\u0131zl\u0131k mahallesi mezarl\u0131\u011f\u0131na defnedilecektir. Merhuma Allahtan rahmet ailesine ve yak\u0131nlar\u0131na ba\u015fsa\u011fl\u0131\u011f\u0131 dileriz.<\/p>\n","protected":false},"excerpt":{"rendered":"<p>17.02.2024 CUMARTES\u0130 Domani\u00e7 K\u0131r\u0131k k\u00f6y\u00fc sak\u0131zl\u0131k mahallesinden, Nefise ve merhum H\u00fcseyin \u00c7etin\u2019in o\u011flu, Meryem \u00c7etin\u2019in e\u015fi, \u0130lhan, Beyhan, Nefise ve R\u0131dvan \u00c7etin\u2019in babalar\u0131, eski \u015fof\u00f6rlerden OSMAN \u00c7ET\u0130N vefat etmi\u015ftir. Cenazesi ikindi namaz\u0131n\u0131 m\u00fcteakip k\u0131r\u0131k k\u00f6y\u00fc sak\u0131zl\u0131k mahallesi mezarl\u0131\u011f\u0131na defnedilecektir. Merhuma Allahtan rahmet ailesine ve yak\u0131nlar\u0131na ba\u015fsa\u011fl\u0131\u011f\u0131 dileriz.<\/p>\n","protected":false},"author":7,"featured_media":0,"comment_status":"closed","ping_status":"closed","sticky":false,"template":"","format":"standard","meta":[],"categories":[2],"tags":[],"_links":{"self":[{"href":"http:\/\/ilan.tavsanli.bel.tr\/index.php\/wp-json\/wp\/v2\/posts\/6090"}],"collection":[{"href":"http:\/\/ilan.tavsanli.bel.tr\/index.php\/wp-json\/wp\/v2\/posts"}],"about":[{"href":"http:\/\/ilan.tavsanli.bel.tr\/index.php\/wp-json\/wp\/v2\/types\/post"}],"author":[{"embeddable":true,"href":"http:\/\/ilan.tavsanli.bel.tr\/index.php\/wp-json\/wp\/v2\/users\/7"}],"replies":[{"embeddable":true,"href":"http:\/\/ilan.tavsanli.bel.tr\/index.php\/wp-json\/wp\/v2\/comments?post=6090"}],"version-history":[{"count":1,"href":"http:\/\/ilan.tavsanli.bel.tr\/index.php\/wp-json\/wp\/v2\/posts\/6090\/revisions"}],"predecessor-version":[{"id":6091,"href":"http:\/\/ilan.tavsanli.bel.tr\/index.php\/wp-json\/wp\/v2\/posts\/6090\/revisions\/6091"}],"wp:attachment":[{"href":"http:\/\/ilan.tavsanli.bel.tr\/index.php\/wp-json\/wp\/v2\/media?parent=6090"}],"wp:term":[{"taxonomy":"category","embeddable":true,"href":"http:\/\/ilan.tavsanli.bel.tr\/index.php\/wp-json\/wp\/v2\/categories?post=6090"},{"taxonomy":"post_tag","embeddable":true,"href":"http:\/\/ilan.tavsanli.bel.tr\/index.php\/wp-json\/wp\/v2\/tags?post=6090"}],"curies":[{"name":"wp","href":"https:\/\/api.w.org\/{rel}","templated":true}]}}