{"id":6052,"date":"2024-02-10T08:27:03","date_gmt":"2024-02-10T08:27:03","guid":{"rendered":"http:\/\/ilan.tavsanli.bel.tr\/?p=6052"},"modified":"2024-02-10T08:27:03","modified_gmt":"2024-02-10T08:27:03","slug":"6052","status":"publish","type":"post","link":"http:\/\/ilan.tavsanli.bel.tr\/index.php\/2024\/02\/10\/6052\/","title":{"rendered":""},"content":{"rendered":"<p>Y\u00f6rg\u00fc\u00e7 k\u00f6y\u00fcnden Muharrem Ay\u2019\u0131n babas\u0131, Ya\u015far Karaku\u015f, Yasin Y\u0131lmaz ve Zekeriya Atay\u2019\u0131n kay\u0131npederi, Hidayet, Nazif Ay, Rahime T\u00fcrk, Fatma ve merhum Nazife Bayram\u2019\u0131n karde\u015fi, RAMAZAN AY vefat etmi\u015ftir. Cenazesi \u00f6\u011fle namaz\u0131n\u0131 m\u00fcteakip y\u00f6rg\u00fc\u00e7 k\u00f6y\u00fc mezarl\u0131\u011f\u0131na defnedilecektir. Merhuma Allah&#8217;tan rahmet ailesine ve yak\u0131nlar\u0131na ba\u015fsa\u011fl\u0131\u011f\u0131 dileriz.<\/p>\n","protected":false},"excerpt":{"rendered":"<p>Y\u00f6rg\u00fc\u00e7 k\u00f6y\u00fcnden Muharrem Ay\u2019\u0131n babas\u0131, Ya\u015far Karaku\u015f, Yasin Y\u0131lmaz ve Zekeriya Atay\u2019\u0131n kay\u0131npederi, Hidayet, Nazif Ay, Rahime T\u00fcrk, Fatma ve merhum Nazife Bayram\u2019\u0131n karde\u015fi, RAMAZAN AY vefat etmi\u015ftir. Cenazesi \u00f6\u011fle namaz\u0131n\u0131 m\u00fcteakip y\u00f6rg\u00fc\u00e7 k\u00f6y\u00fc mezarl\u0131\u011f\u0131na defnedilecektir. Merhuma Allah&#8217;tan rahmet ailesine ve yak\u0131nlar\u0131na ba\u015fsa\u011fl\u0131\u011f\u0131 dileriz.<\/p>\n","protected":false},"author":7,"featured_media":0,"comment_status":"closed","ping_status":"closed","sticky":false,"template":"","format":"standard","meta":[],"categories":[2],"tags":[],"_links":{"self":[{"href":"http:\/\/ilan.tavsanli.bel.tr\/index.php\/wp-json\/wp\/v2\/posts\/6052"}],"collection":[{"href":"http:\/\/ilan.tavsanli.bel.tr\/index.php\/wp-json\/wp\/v2\/posts"}],"about":[{"href":"http:\/\/ilan.tavsanli.bel.tr\/index.php\/wp-json\/wp\/v2\/types\/post"}],"author":[{"embeddable":true,"href":"http:\/\/ilan.tavsanli.bel.tr\/index.php\/wp-json\/wp\/v2\/users\/7"}],"replies":[{"embeddable":true,"href":"http:\/\/ilan.tavsanli.bel.tr\/index.php\/wp-json\/wp\/v2\/comments?post=6052"}],"version-history":[{"count":1,"href":"http:\/\/ilan.tavsanli.bel.tr\/index.php\/wp-json\/wp\/v2\/posts\/6052\/revisions"}],"predecessor-version":[{"id":6053,"href":"http:\/\/ilan.tavsanli.bel.tr\/index.php\/wp-json\/wp\/v2\/posts\/6052\/revisions\/6053"}],"wp:attachment":[{"href":"http:\/\/ilan.tavsanli.bel.tr\/index.php\/wp-json\/wp\/v2\/media?parent=6052"}],"wp:term":[{"taxonomy":"category","embeddable":true,"href":"http:\/\/ilan.tavsanli.bel.tr\/index.php\/wp-json\/wp\/v2\/categories?post=6052"},{"taxonomy":"post_tag","embeddable":true,"href":"http:\/\/ilan.tavsanli.bel.tr\/index.php\/wp-json\/wp\/v2\/tags?post=6052"}],"curies":[{"name":"wp","href":"https:\/\/api.w.org\/{rel}","templated":true}]}}