{"id":6038,"date":"2024-02-08T08:08:59","date_gmt":"2024-02-08T08:08:59","guid":{"rendered":"http:\/\/ilan.tavsanli.bel.tr\/?p=6038"},"modified":"2024-02-08T08:08:59","modified_gmt":"2024-02-08T08:08:59","slug":"6038","status":"publish","type":"post","link":"http:\/\/ilan.tavsanli.bel.tr\/index.php\/2024\/02\/08\/6038\/","title":{"rendered":""},"content":{"rendered":"<p>R\u0131za ve H\u00fcseyin Er\u2019in babalar\u0131, merhum Ramazan Er\u2019in karde\u015fi, \u0130smail Kavun\u2019un kay\u0131npederi, Tun\u00e7bilek belediyesi emekli i\u015f\u00e7ilerinden AHMET ER vefat etmi\u015ftir. Cenazesi tun\u00e7bilek merkez camisinde k\u0131l\u0131nacak \u00f6\u011fle namaz\u0131n\u0131 m\u00fcteakip tun\u00e7bilek mezarl\u0131\u011f\u0131na defnedilecektir. Merhuma Allah&#8217;tan rahmet ailesine ve yak\u0131nlar\u0131na ba\u015fsa\u011fl\u0131\u011f\u0131 dileriz.<\/p>\n","protected":false},"excerpt":{"rendered":"<p>R\u0131za ve H\u00fcseyin Er\u2019in babalar\u0131, merhum Ramazan Er\u2019in karde\u015fi, \u0130smail Kavun\u2019un kay\u0131npederi, Tun\u00e7bilek belediyesi emekli i\u015f\u00e7ilerinden AHMET ER vefat etmi\u015ftir. Cenazesi tun\u00e7bilek merkez camisinde k\u0131l\u0131nacak \u00f6\u011fle namaz\u0131n\u0131 m\u00fcteakip tun\u00e7bilek mezarl\u0131\u011f\u0131na defnedilecektir. Merhuma Allah&#8217;tan rahmet ailesine ve yak\u0131nlar\u0131na ba\u015fsa\u011fl\u0131\u011f\u0131 dileriz.<\/p>\n","protected":false},"author":7,"featured_media":0,"comment_status":"closed","ping_status":"closed","sticky":false,"template":"","format":"standard","meta":[],"categories":[2],"tags":[],"_links":{"self":[{"href":"http:\/\/ilan.tavsanli.bel.tr\/index.php\/wp-json\/wp\/v2\/posts\/6038"}],"collection":[{"href":"http:\/\/ilan.tavsanli.bel.tr\/index.php\/wp-json\/wp\/v2\/posts"}],"about":[{"href":"http:\/\/ilan.tavsanli.bel.tr\/index.php\/wp-json\/wp\/v2\/types\/post"}],"author":[{"embeddable":true,"href":"http:\/\/ilan.tavsanli.bel.tr\/index.php\/wp-json\/wp\/v2\/users\/7"}],"replies":[{"embeddable":true,"href":"http:\/\/ilan.tavsanli.bel.tr\/index.php\/wp-json\/wp\/v2\/comments?post=6038"}],"version-history":[{"count":1,"href":"http:\/\/ilan.tavsanli.bel.tr\/index.php\/wp-json\/wp\/v2\/posts\/6038\/revisions"}],"predecessor-version":[{"id":6039,"href":"http:\/\/ilan.tavsanli.bel.tr\/index.php\/wp-json\/wp\/v2\/posts\/6038\/revisions\/6039"}],"wp:attachment":[{"href":"http:\/\/ilan.tavsanli.bel.tr\/index.php\/wp-json\/wp\/v2\/media?parent=6038"}],"wp:term":[{"taxonomy":"category","embeddable":true,"href":"http:\/\/ilan.tavsanli.bel.tr\/index.php\/wp-json\/wp\/v2\/categories?post=6038"},{"taxonomy":"post_tag","embeddable":true,"href":"http:\/\/ilan.tavsanli.bel.tr\/index.php\/wp-json\/wp\/v2\/tags?post=6038"}],"curies":[{"name":"wp","href":"https:\/\/api.w.org\/{rel}","templated":true}]}}