{"id":5906,"date":"2024-01-16T08:11:35","date_gmt":"2024-01-16T08:11:35","guid":{"rendered":"http:\/\/ilan.tavsanli.bel.tr\/?p=5906"},"modified":"2024-01-16T08:11:35","modified_gmt":"2024-01-16T08:11:35","slug":"5906","status":"publish","type":"post","link":"http:\/\/ilan.tavsanli.bel.tr\/index.php\/2024\/01\/16\/5906\/","title":{"rendered":""},"content":{"rendered":"<p><strong>Ba\u015fk\u00f6yden \u00d6mer Ery\u0131lmaz\u2019\u0131n babas\u0131, merhum Beytullah Ery\u0131lmaz\u2019\u0131n karde\u015fi, Cahit Ar\u0131t\u00fcrk, Ali Kaya ve \u0130smail Tekin\u2019in kay\u0131npederi, eski lokantac\u0131 G.L.\u0130 emekli i\u015f\u00e7ilerinden MEHMET ERYILMAZ vefat etmi\u015ftir. Cenazesi ulucamide k\u0131l\u0131nacak \u00f6\u011fle namaz\u0131n\u0131 m\u00fcteakip yeni yaylac\u0131k mezarl\u0131\u011f\u0131na defnedilecektir. Merhuma Allah\u2019tan rahmet ailesi ve yak\u0131nlar\u0131na ba\u015fsa\u011fl\u0131\u011f\u0131 dileriz.<\/strong><\/p>\n","protected":false},"excerpt":{"rendered":"<p>Ba\u015fk\u00f6yden \u00d6mer Ery\u0131lmaz\u2019\u0131n babas\u0131, merhum Beytullah Ery\u0131lmaz\u2019\u0131n karde\u015fi, Cahit Ar\u0131t\u00fcrk, Ali Kaya ve \u0130smail Tekin\u2019in kay\u0131npederi, eski lokantac\u0131 G.L.\u0130 emekli i\u015f\u00e7ilerinden MEHMET ERYILMAZ vefat etmi\u015ftir. Cenazesi ulucamide k\u0131l\u0131nacak \u00f6\u011fle namaz\u0131n\u0131 m\u00fcteakip yeni yaylac\u0131k mezarl\u0131\u011f\u0131na defnedilecektir. Merhuma Allah\u2019tan rahmet ailesi ve yak\u0131nlar\u0131na ba\u015fsa\u011fl\u0131\u011f\u0131 dileriz.<\/p>\n","protected":false},"author":7,"featured_media":0,"comment_status":"closed","ping_status":"closed","sticky":false,"template":"","format":"standard","meta":[],"categories":[2],"tags":[],"_links":{"self":[{"href":"http:\/\/ilan.tavsanli.bel.tr\/index.php\/wp-json\/wp\/v2\/posts\/5906"}],"collection":[{"href":"http:\/\/ilan.tavsanli.bel.tr\/index.php\/wp-json\/wp\/v2\/posts"}],"about":[{"href":"http:\/\/ilan.tavsanli.bel.tr\/index.php\/wp-json\/wp\/v2\/types\/post"}],"author":[{"embeddable":true,"href":"http:\/\/ilan.tavsanli.bel.tr\/index.php\/wp-json\/wp\/v2\/users\/7"}],"replies":[{"embeddable":true,"href":"http:\/\/ilan.tavsanli.bel.tr\/index.php\/wp-json\/wp\/v2\/comments?post=5906"}],"version-history":[{"count":1,"href":"http:\/\/ilan.tavsanli.bel.tr\/index.php\/wp-json\/wp\/v2\/posts\/5906\/revisions"}],"predecessor-version":[{"id":5907,"href":"http:\/\/ilan.tavsanli.bel.tr\/index.php\/wp-json\/wp\/v2\/posts\/5906\/revisions\/5907"}],"wp:attachment":[{"href":"http:\/\/ilan.tavsanli.bel.tr\/index.php\/wp-json\/wp\/v2\/media?parent=5906"}],"wp:term":[{"taxonomy":"category","embeddable":true,"href":"http:\/\/ilan.tavsanli.bel.tr\/index.php\/wp-json\/wp\/v2\/categories?post=5906"},{"taxonomy":"post_tag","embeddable":true,"href":"http:\/\/ilan.tavsanli.bel.tr\/index.php\/wp-json\/wp\/v2\/tags?post=5906"}],"curies":[{"name":"wp","href":"https:\/\/api.w.org\/{rel}","templated":true}]}}