{"id":5620,"date":"2023-11-10T08:39:46","date_gmt":"2023-11-10T08:39:46","guid":{"rendered":"http:\/\/ilan.tavsanli.bel.tr\/?p=5620"},"modified":"2023-11-10T08:39:46","modified_gmt":"2023-11-10T08:39:46","slug":"5620","status":"publish","type":"post","link":"http:\/\/ilan.tavsanli.bel.tr\/index.php\/2023\/11\/10\/5620\/","title":{"rendered":""},"content":{"rendered":"<p><span data-offset-key=\"bk91g-0-0\">Tav\u015fanl\u0131 <\/span><span data-offset-key=\"bk91g-1-0\">e\u015fraf\u0131ndan<\/span><span data-offset-key=\"bk91g-2-0\"> merhum m\u0131s\u0131rl\u0131 H\u00fcseyin \u00c7a\u011fatay\u2019\u0131n o\u011flu, Mustafa ve H\u00fcseyin \u00c7a\u011fatay\u2019\u0131n babalar\u0131, Serhat Serdar ve Harun Uyar\u2019\u0131n kay\u0131npederi, G.L.\u0130 emekli i\u015f\u00e7isi m\u0131s\u0131rl\u0131 MEHMET EM\u0130N \u00c7A\u011eATAY vefat etmi\u015ftir. Cenazesi ulucamide k\u0131l\u0131nacak cuma namaz\u0131n\u0131 m\u00fcteakip tav\u015fanl\u0131 mezarl\u0131\u011f\u0131na defnedilecektir. Merhuma Allah\u2019tan rahmet ailesine ve yak\u0131nlar\u0131na ba\u015fsa\u011fl\u0131\u011f\u0131 dileriz.<\/span><\/p>\n","protected":false},"excerpt":{"rendered":"<p>Tav\u015fanl\u0131 e\u015fraf\u0131ndan merhum m\u0131s\u0131rl\u0131 H\u00fcseyin \u00c7a\u011fatay\u2019\u0131n o\u011flu, Mustafa ve H\u00fcseyin \u00c7a\u011fatay\u2019\u0131n babalar\u0131, Serhat Serdar ve Harun Uyar\u2019\u0131n kay\u0131npederi, G.L.\u0130 emekli i\u015f\u00e7isi m\u0131s\u0131rl\u0131 MEHMET EM\u0130N \u00c7A\u011eATAY vefat etmi\u015ftir. Cenazesi ulucamide k\u0131l\u0131nacak cuma namaz\u0131n\u0131 m\u00fcteakip tav\u015fanl\u0131 mezarl\u0131\u011f\u0131na defnedilecektir. Merhuma Allah\u2019tan rahmet ailesine ve yak\u0131nlar\u0131na ba\u015fsa\u011fl\u0131\u011f\u0131 dileriz.<\/p>\n","protected":false},"author":7,"featured_media":0,"comment_status":"closed","ping_status":"closed","sticky":false,"template":"","format":"standard","meta":[],"categories":[2],"tags":[],"_links":{"self":[{"href":"http:\/\/ilan.tavsanli.bel.tr\/index.php\/wp-json\/wp\/v2\/posts\/5620"}],"collection":[{"href":"http:\/\/ilan.tavsanli.bel.tr\/index.php\/wp-json\/wp\/v2\/posts"}],"about":[{"href":"http:\/\/ilan.tavsanli.bel.tr\/index.php\/wp-json\/wp\/v2\/types\/post"}],"author":[{"embeddable":true,"href":"http:\/\/ilan.tavsanli.bel.tr\/index.php\/wp-json\/wp\/v2\/users\/7"}],"replies":[{"embeddable":true,"href":"http:\/\/ilan.tavsanli.bel.tr\/index.php\/wp-json\/wp\/v2\/comments?post=5620"}],"version-history":[{"count":1,"href":"http:\/\/ilan.tavsanli.bel.tr\/index.php\/wp-json\/wp\/v2\/posts\/5620\/revisions"}],"predecessor-version":[{"id":5621,"href":"http:\/\/ilan.tavsanli.bel.tr\/index.php\/wp-json\/wp\/v2\/posts\/5620\/revisions\/5621"}],"wp:attachment":[{"href":"http:\/\/ilan.tavsanli.bel.tr\/index.php\/wp-json\/wp\/v2\/media?parent=5620"}],"wp:term":[{"taxonomy":"category","embeddable":true,"href":"http:\/\/ilan.tavsanli.bel.tr\/index.php\/wp-json\/wp\/v2\/categories?post=5620"},{"taxonomy":"post_tag","embeddable":true,"href":"http:\/\/ilan.tavsanli.bel.tr\/index.php\/wp-json\/wp\/v2\/tags?post=5620"}],"curies":[{"name":"wp","href":"https:\/\/api.w.org\/{rel}","templated":true}]}}