{"id":5604,"date":"2023-11-07T08:15:13","date_gmt":"2023-11-07T08:15:13","guid":{"rendered":"http:\/\/ilan.tavsanli.bel.tr\/?p=5604"},"modified":"2023-11-07T08:15:13","modified_gmt":"2023-11-07T08:15:13","slug":"5604","status":"publish","type":"post","link":"http:\/\/ilan.tavsanli.bel.tr\/index.php\/2023\/11\/07\/5604\/","title":{"rendered":""},"content":{"rendered":"<p>Bal\u0131k\u00f6y \u00e7obanlar k\u00f6y\u00fcnden merhum Mehmet \u0130lkhan\u2019In o\u011flu, Muharrem \u00dcst\u00fcn ve \u00e7ardakl\u0131 mahallesinden Ahmet Ali Fedai\u2019nin kay\u0131npederi, AHMET \u0130LKHAN vefat etmi\u015ftir. Cenazesi \u00f6\u011fle namaz\u0131n\u0131 m\u00fcteakip bal\u0131k\u00f6y \u00e7obanlar mezarl\u0131\u011f\u0131na defnedilecektir. Merhuma Allah&#8217;tan rahmet ailesine ve yak\u0131nlar\u0131na ba\u015fsa\u011fl\u0131\u011f\u0131 dileriz.<\/p>\n","protected":false},"excerpt":{"rendered":"<p>Bal\u0131k\u00f6y \u00e7obanlar k\u00f6y\u00fcnden merhum Mehmet \u0130lkhan\u2019In o\u011flu, Muharrem \u00dcst\u00fcn ve \u00e7ardakl\u0131 mahallesinden Ahmet Ali Fedai\u2019nin kay\u0131npederi, AHMET \u0130LKHAN vefat etmi\u015ftir. Cenazesi \u00f6\u011fle namaz\u0131n\u0131 m\u00fcteakip bal\u0131k\u00f6y \u00e7obanlar mezarl\u0131\u011f\u0131na defnedilecektir. Merhuma Allah&#8217;tan rahmet ailesine ve yak\u0131nlar\u0131na ba\u015fsa\u011fl\u0131\u011f\u0131 dileriz.<\/p>\n","protected":false},"author":7,"featured_media":0,"comment_status":"closed","ping_status":"closed","sticky":false,"template":"","format":"standard","meta":[],"categories":[2],"tags":[],"_links":{"self":[{"href":"http:\/\/ilan.tavsanli.bel.tr\/index.php\/wp-json\/wp\/v2\/posts\/5604"}],"collection":[{"href":"http:\/\/ilan.tavsanli.bel.tr\/index.php\/wp-json\/wp\/v2\/posts"}],"about":[{"href":"http:\/\/ilan.tavsanli.bel.tr\/index.php\/wp-json\/wp\/v2\/types\/post"}],"author":[{"embeddable":true,"href":"http:\/\/ilan.tavsanli.bel.tr\/index.php\/wp-json\/wp\/v2\/users\/7"}],"replies":[{"embeddable":true,"href":"http:\/\/ilan.tavsanli.bel.tr\/index.php\/wp-json\/wp\/v2\/comments?post=5604"}],"version-history":[{"count":1,"href":"http:\/\/ilan.tavsanli.bel.tr\/index.php\/wp-json\/wp\/v2\/posts\/5604\/revisions"}],"predecessor-version":[{"id":5605,"href":"http:\/\/ilan.tavsanli.bel.tr\/index.php\/wp-json\/wp\/v2\/posts\/5604\/revisions\/5605"}],"wp:attachment":[{"href":"http:\/\/ilan.tavsanli.bel.tr\/index.php\/wp-json\/wp\/v2\/media?parent=5604"}],"wp:term":[{"taxonomy":"category","embeddable":true,"href":"http:\/\/ilan.tavsanli.bel.tr\/index.php\/wp-json\/wp\/v2\/categories?post=5604"},{"taxonomy":"post_tag","embeddable":true,"href":"http:\/\/ilan.tavsanli.bel.tr\/index.php\/wp-json\/wp\/v2\/tags?post=5604"}],"curies":[{"name":"wp","href":"https:\/\/api.w.org\/{rel}","templated":true}]}}