{"id":5594,"date":"2023-11-03T08:15:24","date_gmt":"2023-11-03T08:15:24","guid":{"rendered":"http:\/\/ilan.tavsanli.bel.tr\/?p=5594"},"modified":"2023-11-03T08:15:24","modified_gmt":"2023-11-03T08:15:24","slug":"5594","status":"publish","type":"post","link":"http:\/\/ilan.tavsanli.bel.tr\/index.php\/2023\/11\/03\/5594\/","title":{"rendered":""},"content":{"rendered":"<p><strong>Ovac\u0131k k\u00f6y\u00fcnden merhum hac\u0131 Hasan Y\u0131lmazer\u2019in e\u015fi, Ramazan ve Halil \u0130brahim Y\u0131lmazer\u2019in anneleri, \u0130brahim Ko\u00e7a\u00e7ay\u2019\u0131n kay\u0131nvalidesi, NURTEN YILMAZER vefat etmi\u015ftir. Cenazesi cuma namaz\u0131n\u0131 m\u00fcteakip ovac\u0131k k\u00f6y\u00fc mezarl\u0131\u011f\u0131na defnedilecektir. Merhumeye Allah\u2019tan rahmet ailesine ve yak\u0131nlar\u0131na ba\u015fsa\u011fl\u0131\u011f\u0131 dileriz.<\/strong><\/p>\n","protected":false},"excerpt":{"rendered":"<p>Ovac\u0131k k\u00f6y\u00fcnden merhum hac\u0131 Hasan Y\u0131lmazer\u2019in e\u015fi, Ramazan ve Halil \u0130brahim Y\u0131lmazer\u2019in anneleri, \u0130brahim Ko\u00e7a\u00e7ay\u2019\u0131n kay\u0131nvalidesi, NURTEN YILMAZER vefat etmi\u015ftir. Cenazesi cuma namaz\u0131n\u0131 m\u00fcteakip ovac\u0131k k\u00f6y\u00fc mezarl\u0131\u011f\u0131na defnedilecektir. Merhumeye Allah\u2019tan rahmet ailesine ve yak\u0131nlar\u0131na ba\u015fsa\u011fl\u0131\u011f\u0131 dileriz.<\/p>\n","protected":false},"author":7,"featured_media":0,"comment_status":"closed","ping_status":"closed","sticky":false,"template":"","format":"standard","meta":[],"categories":[2],"tags":[],"_links":{"self":[{"href":"http:\/\/ilan.tavsanli.bel.tr\/index.php\/wp-json\/wp\/v2\/posts\/5594"}],"collection":[{"href":"http:\/\/ilan.tavsanli.bel.tr\/index.php\/wp-json\/wp\/v2\/posts"}],"about":[{"href":"http:\/\/ilan.tavsanli.bel.tr\/index.php\/wp-json\/wp\/v2\/types\/post"}],"author":[{"embeddable":true,"href":"http:\/\/ilan.tavsanli.bel.tr\/index.php\/wp-json\/wp\/v2\/users\/7"}],"replies":[{"embeddable":true,"href":"http:\/\/ilan.tavsanli.bel.tr\/index.php\/wp-json\/wp\/v2\/comments?post=5594"}],"version-history":[{"count":1,"href":"http:\/\/ilan.tavsanli.bel.tr\/index.php\/wp-json\/wp\/v2\/posts\/5594\/revisions"}],"predecessor-version":[{"id":5595,"href":"http:\/\/ilan.tavsanli.bel.tr\/index.php\/wp-json\/wp\/v2\/posts\/5594\/revisions\/5595"}],"wp:attachment":[{"href":"http:\/\/ilan.tavsanli.bel.tr\/index.php\/wp-json\/wp\/v2\/media?parent=5594"}],"wp:term":[{"taxonomy":"category","embeddable":true,"href":"http:\/\/ilan.tavsanli.bel.tr\/index.php\/wp-json\/wp\/v2\/categories?post=5594"},{"taxonomy":"post_tag","embeddable":true,"href":"http:\/\/ilan.tavsanli.bel.tr\/index.php\/wp-json\/wp\/v2\/tags?post=5594"}],"curies":[{"name":"wp","href":"https:\/\/api.w.org\/{rel}","templated":true}]}}