{"id":5590,"date":"2023-11-02T08:15:31","date_gmt":"2023-11-02T08:15:31","guid":{"rendered":"http:\/\/ilan.tavsanli.bel.tr\/?p=5590"},"modified":"2023-11-02T08:15:31","modified_gmt":"2023-11-02T08:15:31","slug":"5590","status":"publish","type":"post","link":"http:\/\/ilan.tavsanli.bel.tr\/index.php\/2023\/11\/02\/5590\/","title":{"rendered":""},"content":{"rendered":"<p>Beyk\u00f6y mahallesinden Mehmet \u00c7etin\u2019in kay\u0131npederi, merhum Mustafa P\u0131nar\u2019\u0131n karde\u015fi, G.L.\u0130 emekli i\u015f\u00e7isi eski muhtarlardan HAL\u0130L PINAR vefat etmi\u015ftir. Cenazesi \u00f6\u011fle namaz\u0131n\u0131 m\u00fcteakip beyk\u00f6y mahallesini mezarl\u0131\u011f\u0131na \u00a0defnedilecektir. Merhuma Allah\u2019tan rahmet ailesine ve yak\u0131nlar\u0131na ba\u015fsa\u011fl\u0131\u011f\u0131 dileriz.<\/p>\n","protected":false},"excerpt":{"rendered":"<p>Beyk\u00f6y mahallesinden Mehmet \u00c7etin\u2019in kay\u0131npederi, merhum Mustafa P\u0131nar\u2019\u0131n karde\u015fi, G.L.\u0130 emekli i\u015f\u00e7isi eski muhtarlardan HAL\u0130L PINAR vefat etmi\u015ftir. Cenazesi \u00f6\u011fle namaz\u0131n\u0131 m\u00fcteakip beyk\u00f6y mahallesini mezarl\u0131\u011f\u0131na \u00a0defnedilecektir. Merhuma Allah\u2019tan rahmet ailesine ve yak\u0131nlar\u0131na ba\u015fsa\u011fl\u0131\u011f\u0131 dileriz.<\/p>\n","protected":false},"author":7,"featured_media":0,"comment_status":"closed","ping_status":"closed","sticky":false,"template":"","format":"standard","meta":[],"categories":[2],"tags":[],"_links":{"self":[{"href":"http:\/\/ilan.tavsanli.bel.tr\/index.php\/wp-json\/wp\/v2\/posts\/5590"}],"collection":[{"href":"http:\/\/ilan.tavsanli.bel.tr\/index.php\/wp-json\/wp\/v2\/posts"}],"about":[{"href":"http:\/\/ilan.tavsanli.bel.tr\/index.php\/wp-json\/wp\/v2\/types\/post"}],"author":[{"embeddable":true,"href":"http:\/\/ilan.tavsanli.bel.tr\/index.php\/wp-json\/wp\/v2\/users\/7"}],"replies":[{"embeddable":true,"href":"http:\/\/ilan.tavsanli.bel.tr\/index.php\/wp-json\/wp\/v2\/comments?post=5590"}],"version-history":[{"count":1,"href":"http:\/\/ilan.tavsanli.bel.tr\/index.php\/wp-json\/wp\/v2\/posts\/5590\/revisions"}],"predecessor-version":[{"id":5591,"href":"http:\/\/ilan.tavsanli.bel.tr\/index.php\/wp-json\/wp\/v2\/posts\/5590\/revisions\/5591"}],"wp:attachment":[{"href":"http:\/\/ilan.tavsanli.bel.tr\/index.php\/wp-json\/wp\/v2\/media?parent=5590"}],"wp:term":[{"taxonomy":"category","embeddable":true,"href":"http:\/\/ilan.tavsanli.bel.tr\/index.php\/wp-json\/wp\/v2\/categories?post=5590"},{"taxonomy":"post_tag","embeddable":true,"href":"http:\/\/ilan.tavsanli.bel.tr\/index.php\/wp-json\/wp\/v2\/tags?post=5590"}],"curies":[{"name":"wp","href":"https:\/\/api.w.org\/{rel}","templated":true}]}}