{"id":5586,"date":"2023-11-01T08:17:16","date_gmt":"2023-11-01T08:17:16","guid":{"rendered":"http:\/\/ilan.tavsanli.bel.tr\/?p=5586"},"modified":"2023-11-01T08:17:16","modified_gmt":"2023-11-01T08:17:16","slug":"5586","status":"publish","type":"post","link":"http:\/\/ilan.tavsanli.bel.tr\/index.php\/2023\/11\/01\/5586\/","title":{"rendered":""},"content":{"rendered":"<p><strong>Merhum Mustafa D\u00fczg\u00fcn\u2019\u00fcn o\u011flu, Saim ve Durmu\u015f D\u00fczg\u00fcn\u2019\u00fcn abileri, Turgut D\u00fczg\u00fcn\u2019\u00fcn babas\u0131, Turan K\u0131rm\u0131z\u0131 ve Mehmet Yavuz\u2019un Kay\u0131npederi, G.L.\u0130 emekli i\u015f\u00e7ilerinden SAM\u0130 D\u00dcZG\u00dcN vefat etmi\u015ftir. Cenazesi \u00f6\u011fle namaz\u0131n\u0131 m\u00fcteakip tun\u00e7bilek beldesi merkez mahallesi mezarl\u0131\u011f\u0131na defnedilecektir. Merhuma Allah\u2019tan rahmet ailesine ve yak\u0131nlar\u0131na ba\u015fsa\u011fl\u0131\u011f\u0131 dileriz.<\/strong><\/p>\n","protected":false},"excerpt":{"rendered":"<p>Merhum Mustafa D\u00fczg\u00fcn\u2019\u00fcn o\u011flu, Saim ve Durmu\u015f D\u00fczg\u00fcn\u2019\u00fcn abileri, Turgut D\u00fczg\u00fcn\u2019\u00fcn babas\u0131, Turan K\u0131rm\u0131z\u0131 ve Mehmet Yavuz\u2019un Kay\u0131npederi, G.L.\u0130 emekli i\u015f\u00e7ilerinden SAM\u0130 D\u00dcZG\u00dcN vefat etmi\u015ftir. Cenazesi \u00f6\u011fle namaz\u0131n\u0131 m\u00fcteakip tun\u00e7bilek beldesi merkez mahallesi mezarl\u0131\u011f\u0131na defnedilecektir. Merhuma Allah\u2019tan rahmet ailesine ve yak\u0131nlar\u0131na ba\u015fsa\u011fl\u0131\u011f\u0131 dileriz.<\/p>\n","protected":false},"author":7,"featured_media":0,"comment_status":"closed","ping_status":"closed","sticky":false,"template":"","format":"standard","meta":[],"categories":[2],"tags":[],"_links":{"self":[{"href":"http:\/\/ilan.tavsanli.bel.tr\/index.php\/wp-json\/wp\/v2\/posts\/5586"}],"collection":[{"href":"http:\/\/ilan.tavsanli.bel.tr\/index.php\/wp-json\/wp\/v2\/posts"}],"about":[{"href":"http:\/\/ilan.tavsanli.bel.tr\/index.php\/wp-json\/wp\/v2\/types\/post"}],"author":[{"embeddable":true,"href":"http:\/\/ilan.tavsanli.bel.tr\/index.php\/wp-json\/wp\/v2\/users\/7"}],"replies":[{"embeddable":true,"href":"http:\/\/ilan.tavsanli.bel.tr\/index.php\/wp-json\/wp\/v2\/comments?post=5586"}],"version-history":[{"count":1,"href":"http:\/\/ilan.tavsanli.bel.tr\/index.php\/wp-json\/wp\/v2\/posts\/5586\/revisions"}],"predecessor-version":[{"id":5587,"href":"http:\/\/ilan.tavsanli.bel.tr\/index.php\/wp-json\/wp\/v2\/posts\/5586\/revisions\/5587"}],"wp:attachment":[{"href":"http:\/\/ilan.tavsanli.bel.tr\/index.php\/wp-json\/wp\/v2\/media?parent=5586"}],"wp:term":[{"taxonomy":"category","embeddable":true,"href":"http:\/\/ilan.tavsanli.bel.tr\/index.php\/wp-json\/wp\/v2\/categories?post=5586"},{"taxonomy":"post_tag","embeddable":true,"href":"http:\/\/ilan.tavsanli.bel.tr\/index.php\/wp-json\/wp\/v2\/tags?post=5586"}],"curies":[{"name":"wp","href":"https:\/\/api.w.org\/{rel}","templated":true}]}}