{"id":5582,"date":"2023-10-30T11:25:22","date_gmt":"2023-10-30T11:25:22","guid":{"rendered":"http:\/\/ilan.tavsanli.bel.tr\/?p=5582"},"modified":"2023-10-30T11:25:22","modified_gmt":"2023-10-30T11:25:22","slug":"5582","status":"publish","type":"post","link":"http:\/\/ilan.tavsanli.bel.tr\/index.php\/2023\/10\/30\/5582\/","title":{"rendered":""},"content":{"rendered":"<p><strong>Merkez g\u00f6lc\u00fck k\u00f6y\u00fcnden merhum Ahmet Ak\u0131n\u2019\u0131n o\u011flu, \u00d6mer, merhum \u015eevket ve merhum Kemal Ak\u0131n\u2019\u0131n karde\u015fi, Cengiz Ak\u0131n\u2019\u0131n babas\u0131, Kemal Manisal\u0131 ve Bayram \u00c7ermek\u2019in kay\u0131npederi, D.D.Y emeklisi CEM\u0130L AKIN vefat etmi\u015ftir. . Cenazesi \u00a0ulucamide k\u0131l\u0131nacak ikindi namaz\u0131n\u0131 m\u00fcteakip tav\u015fanl\u0131 \u00a0mezarl\u0131\u011f\u0131na defnedilecektir. Merhuma Allah\u2019tan rahmet ailesine ve yak\u0131nlar\u0131na ba\u015fsa\u011fl\u0131\u011f\u0131 dileriz.<\/strong><\/p>\n<p>&nbsp;<\/p>\n","protected":false},"excerpt":{"rendered":"<p>Merkez g\u00f6lc\u00fck k\u00f6y\u00fcnden merhum Ahmet Ak\u0131n\u2019\u0131n o\u011flu, \u00d6mer, merhum \u015eevket ve merhum Kemal Ak\u0131n\u2019\u0131n karde\u015fi, Cengiz Ak\u0131n\u2019\u0131n babas\u0131, Kemal Manisal\u0131 ve Bayram \u00c7ermek\u2019in kay\u0131npederi, D.D.Y emeklisi CEM\u0130L AKIN vefat etmi\u015ftir. . Cenazesi \u00a0ulucamide k\u0131l\u0131nacak ikindi namaz\u0131n\u0131 m\u00fcteakip tav\u015fanl\u0131 \u00a0mezarl\u0131\u011f\u0131na defnedilecektir. Merhuma Allah\u2019tan rahmet ailesine ve yak\u0131nlar\u0131na ba\u015fsa\u011fl\u0131\u011f\u0131 dileriz. &nbsp;<\/p>\n","protected":false},"author":7,"featured_media":0,"comment_status":"closed","ping_status":"closed","sticky":false,"template":"","format":"standard","meta":[],"categories":[4],"tags":[],"_links":{"self":[{"href":"http:\/\/ilan.tavsanli.bel.tr\/index.php\/wp-json\/wp\/v2\/posts\/5582"}],"collection":[{"href":"http:\/\/ilan.tavsanli.bel.tr\/index.php\/wp-json\/wp\/v2\/posts"}],"about":[{"href":"http:\/\/ilan.tavsanli.bel.tr\/index.php\/wp-json\/wp\/v2\/types\/post"}],"author":[{"embeddable":true,"href":"http:\/\/ilan.tavsanli.bel.tr\/index.php\/wp-json\/wp\/v2\/users\/7"}],"replies":[{"embeddable":true,"href":"http:\/\/ilan.tavsanli.bel.tr\/index.php\/wp-json\/wp\/v2\/comments?post=5582"}],"version-history":[{"count":1,"href":"http:\/\/ilan.tavsanli.bel.tr\/index.php\/wp-json\/wp\/v2\/posts\/5582\/revisions"}],"predecessor-version":[{"id":5583,"href":"http:\/\/ilan.tavsanli.bel.tr\/index.php\/wp-json\/wp\/v2\/posts\/5582\/revisions\/5583"}],"wp:attachment":[{"href":"http:\/\/ilan.tavsanli.bel.tr\/index.php\/wp-json\/wp\/v2\/media?parent=5582"}],"wp:term":[{"taxonomy":"category","embeddable":true,"href":"http:\/\/ilan.tavsanli.bel.tr\/index.php\/wp-json\/wp\/v2\/categories?post=5582"},{"taxonomy":"post_tag","embeddable":true,"href":"http:\/\/ilan.tavsanli.bel.tr\/index.php\/wp-json\/wp\/v2\/tags?post=5582"}],"curies":[{"name":"wp","href":"https:\/\/api.w.org\/{rel}","templated":true}]}}