{"id":5576,"date":"2023-10-29T11:41:08","date_gmt":"2023-10-29T11:41:08","guid":{"rendered":"http:\/\/ilan.tavsanli.bel.tr\/?p=5576"},"modified":"2023-10-29T11:41:08","modified_gmt":"2023-10-29T11:41:08","slug":"5576","status":"publish","type":"post","link":"http:\/\/ilan.tavsanli.bel.tr\/index.php\/2023\/10\/29\/5576\/","title":{"rendered":""},"content":{"rendered":"<p>K\u00f6seler k\u00f6y\u00fcnden merhum Hasan H\u00fcseyin Acar&#8217;\u0131n e\u015fi, Bahattin ve Atanur Acar&#8217;\u0131n anneleri, Cafer G\u00fcrhan&#8217;\u0131n kay\u0131nvalidesi, MERYEM ACAR vefat etmi\u015ftir. Cenazesi ikindi namaz\u0131n\u0131 m\u00fcteakip k\u00f6seler k\u00f6y\u00fc mezarl\u0131\u011f\u0131na defnedilecektir. Merhumeye Allah&#8217;tan rahmet ailesi ve yak\u0131nlar\u0131na ba\u015f sa\u011fl\u0131\u011f\u0131 dileriz.<\/p>\n","protected":false},"excerpt":{"rendered":"<p>K\u00f6seler k\u00f6y\u00fcnden merhum Hasan H\u00fcseyin Acar&#8217;\u0131n e\u015fi, Bahattin ve Atanur Acar&#8217;\u0131n anneleri, Cafer G\u00fcrhan&#8217;\u0131n kay\u0131nvalidesi, MERYEM ACAR vefat etmi\u015ftir. Cenazesi ikindi namaz\u0131n\u0131 m\u00fcteakip k\u00f6seler k\u00f6y\u00fc mezarl\u0131\u011f\u0131na defnedilecektir. Merhumeye Allah&#8217;tan rahmet ailesi ve yak\u0131nlar\u0131na ba\u015f sa\u011fl\u0131\u011f\u0131 dileriz.<\/p>\n","protected":false},"author":7,"featured_media":0,"comment_status":"closed","ping_status":"closed","sticky":false,"template":"","format":"standard","meta":[],"categories":[2],"tags":[],"_links":{"self":[{"href":"http:\/\/ilan.tavsanli.bel.tr\/index.php\/wp-json\/wp\/v2\/posts\/5576"}],"collection":[{"href":"http:\/\/ilan.tavsanli.bel.tr\/index.php\/wp-json\/wp\/v2\/posts"}],"about":[{"href":"http:\/\/ilan.tavsanli.bel.tr\/index.php\/wp-json\/wp\/v2\/types\/post"}],"author":[{"embeddable":true,"href":"http:\/\/ilan.tavsanli.bel.tr\/index.php\/wp-json\/wp\/v2\/users\/7"}],"replies":[{"embeddable":true,"href":"http:\/\/ilan.tavsanli.bel.tr\/index.php\/wp-json\/wp\/v2\/comments?post=5576"}],"version-history":[{"count":1,"href":"http:\/\/ilan.tavsanli.bel.tr\/index.php\/wp-json\/wp\/v2\/posts\/5576\/revisions"}],"predecessor-version":[{"id":5577,"href":"http:\/\/ilan.tavsanli.bel.tr\/index.php\/wp-json\/wp\/v2\/posts\/5576\/revisions\/5577"}],"wp:attachment":[{"href":"http:\/\/ilan.tavsanli.bel.tr\/index.php\/wp-json\/wp\/v2\/media?parent=5576"}],"wp:term":[{"taxonomy":"category","embeddable":true,"href":"http:\/\/ilan.tavsanli.bel.tr\/index.php\/wp-json\/wp\/v2\/categories?post=5576"},{"taxonomy":"post_tag","embeddable":true,"href":"http:\/\/ilan.tavsanli.bel.tr\/index.php\/wp-json\/wp\/v2\/tags?post=5576"}],"curies":[{"name":"wp","href":"https:\/\/api.w.org\/{rel}","templated":true}]}}