{"id":5574,"date":"2023-10-29T11:08:59","date_gmt":"2023-10-29T11:08:59","guid":{"rendered":"http:\/\/ilan.tavsanli.bel.tr\/?p=5574"},"modified":"2023-10-29T11:08:59","modified_gmt":"2023-10-29T11:08:59","slug":"5574","status":"publish","type":"post","link":"http:\/\/ilan.tavsanli.bel.tr\/index.php\/2023\/10\/29\/5574\/","title":{"rendered":""},"content":{"rendered":"<p>Abdullah efendilerin, merhum Seyfi Zeyrek&#8217;in e\u015fi, Ekrem Zeyrek&#8217;in annesi, \u00d6mer Boyac\u0131 ve merhum Nafi \u015eens\u00f6z&#8217;\u00fcn kay\u0131nvalidesi, BAHR\u0130YE ZEYREK vefat etmi\u015ftir. Cenazesi ulucamide k\u0131l\u0131nacak ikindi namaz\u0131n\u0131 m\u00fcteakip tavsanl\u0131 mezarl\u0131\u011f\u0131na defnedilecektir. Merhumeye Allah&#8217;tan rahmet ailesi ve yak\u0131nlar\u0131na ba\u015f sa\u011fl\u0131\u011f\u0131 dileriz.<\/p>\n","protected":false},"excerpt":{"rendered":"<p>Abdullah efendilerin, merhum Seyfi Zeyrek&#8217;in e\u015fi, Ekrem Zeyrek&#8217;in annesi, \u00d6mer Boyac\u0131 ve merhum Nafi \u015eens\u00f6z&#8217;\u00fcn kay\u0131nvalidesi, BAHR\u0130YE ZEYREK vefat etmi\u015ftir. Cenazesi ulucamide k\u0131l\u0131nacak ikindi namaz\u0131n\u0131 m\u00fcteakip tavsanl\u0131 mezarl\u0131\u011f\u0131na defnedilecektir. Merhumeye Allah&#8217;tan rahmet ailesi ve yak\u0131nlar\u0131na ba\u015f sa\u011fl\u0131\u011f\u0131 dileriz.<\/p>\n","protected":false},"author":7,"featured_media":0,"comment_status":"closed","ping_status":"closed","sticky":false,"template":"","format":"standard","meta":[],"categories":[2],"tags":[],"_links":{"self":[{"href":"http:\/\/ilan.tavsanli.bel.tr\/index.php\/wp-json\/wp\/v2\/posts\/5574"}],"collection":[{"href":"http:\/\/ilan.tavsanli.bel.tr\/index.php\/wp-json\/wp\/v2\/posts"}],"about":[{"href":"http:\/\/ilan.tavsanli.bel.tr\/index.php\/wp-json\/wp\/v2\/types\/post"}],"author":[{"embeddable":true,"href":"http:\/\/ilan.tavsanli.bel.tr\/index.php\/wp-json\/wp\/v2\/users\/7"}],"replies":[{"embeddable":true,"href":"http:\/\/ilan.tavsanli.bel.tr\/index.php\/wp-json\/wp\/v2\/comments?post=5574"}],"version-history":[{"count":1,"href":"http:\/\/ilan.tavsanli.bel.tr\/index.php\/wp-json\/wp\/v2\/posts\/5574\/revisions"}],"predecessor-version":[{"id":5575,"href":"http:\/\/ilan.tavsanli.bel.tr\/index.php\/wp-json\/wp\/v2\/posts\/5574\/revisions\/5575"}],"wp:attachment":[{"href":"http:\/\/ilan.tavsanli.bel.tr\/index.php\/wp-json\/wp\/v2\/media?parent=5574"}],"wp:term":[{"taxonomy":"category","embeddable":true,"href":"http:\/\/ilan.tavsanli.bel.tr\/index.php\/wp-json\/wp\/v2\/categories?post=5574"},{"taxonomy":"post_tag","embeddable":true,"href":"http:\/\/ilan.tavsanli.bel.tr\/index.php\/wp-json\/wp\/v2\/tags?post=5574"}],"curies":[{"name":"wp","href":"https:\/\/api.w.org\/{rel}","templated":true}]}}