{"id":5561,"date":"2023-10-28T08:22:23","date_gmt":"2023-10-28T08:22:23","guid":{"rendered":"http:\/\/ilan.tavsanli.bel.tr\/?p=5561"},"modified":"2023-10-28T08:22:23","modified_gmt":"2023-10-28T08:22:23","slug":"5561","status":"publish","type":"post","link":"http:\/\/ilan.tavsanli.bel.tr\/index.php\/2023\/10\/28\/5561\/","title":{"rendered":""},"content":{"rendered":"<p>Merhum Cemal Sartekin&#8217;in o\u011flu, merhum Halil Uzun&#8217;un damad\u0131, Fuat Sartekin&#8217;in abisi, FAT\u0130H SARTEK\u0130N vefat etmi\u015ftir. Cenazesi ba\u011fl\u0131k mahallesi fatih camisinde k\u0131l\u0131nacak \u00f6\u011fle namaz\u0131n\u0131 m\u00fcteakip \u00e7ukurk\u00f6y mahallesi mezarl\u0131\u011f\u0131na defin edilecektir. Merhuma Allah&#8217;tan rahmet ailesi ve yak\u0131nlar\u0131na ba\u015fsa\u011fl\u0131\u011f\u0131 dileriz.<\/p>\n","protected":false},"excerpt":{"rendered":"<p>Merhum Cemal Sartekin&#8217;in o\u011flu, merhum Halil Uzun&#8217;un damad\u0131, Fuat Sartekin&#8217;in abisi, FAT\u0130H SARTEK\u0130N vefat etmi\u015ftir. Cenazesi ba\u011fl\u0131k mahallesi fatih camisinde k\u0131l\u0131nacak \u00f6\u011fle namaz\u0131n\u0131 m\u00fcteakip \u00e7ukurk\u00f6y mahallesi mezarl\u0131\u011f\u0131na defin edilecektir. Merhuma Allah&#8217;tan rahmet ailesi ve yak\u0131nlar\u0131na ba\u015fsa\u011fl\u0131\u011f\u0131 dileriz.<\/p>\n","protected":false},"author":7,"featured_media":0,"comment_status":"closed","ping_status":"closed","sticky":false,"template":"","format":"standard","meta":[],"categories":[2],"tags":[],"_links":{"self":[{"href":"http:\/\/ilan.tavsanli.bel.tr\/index.php\/wp-json\/wp\/v2\/posts\/5561"}],"collection":[{"href":"http:\/\/ilan.tavsanli.bel.tr\/index.php\/wp-json\/wp\/v2\/posts"}],"about":[{"href":"http:\/\/ilan.tavsanli.bel.tr\/index.php\/wp-json\/wp\/v2\/types\/post"}],"author":[{"embeddable":true,"href":"http:\/\/ilan.tavsanli.bel.tr\/index.php\/wp-json\/wp\/v2\/users\/7"}],"replies":[{"embeddable":true,"href":"http:\/\/ilan.tavsanli.bel.tr\/index.php\/wp-json\/wp\/v2\/comments?post=5561"}],"version-history":[{"count":1,"href":"http:\/\/ilan.tavsanli.bel.tr\/index.php\/wp-json\/wp\/v2\/posts\/5561\/revisions"}],"predecessor-version":[{"id":5562,"href":"http:\/\/ilan.tavsanli.bel.tr\/index.php\/wp-json\/wp\/v2\/posts\/5561\/revisions\/5562"}],"wp:attachment":[{"href":"http:\/\/ilan.tavsanli.bel.tr\/index.php\/wp-json\/wp\/v2\/media?parent=5561"}],"wp:term":[{"taxonomy":"category","embeddable":true,"href":"http:\/\/ilan.tavsanli.bel.tr\/index.php\/wp-json\/wp\/v2\/categories?post=5561"},{"taxonomy":"post_tag","embeddable":true,"href":"http:\/\/ilan.tavsanli.bel.tr\/index.php\/wp-json\/wp\/v2\/tags?post=5561"}],"curies":[{"name":"wp","href":"https:\/\/api.w.org\/{rel}","templated":true}]}}