{"id":5559,"date":"2023-10-27T08:11:38","date_gmt":"2023-10-27T08:11:38","guid":{"rendered":"http:\/\/ilan.tavsanli.bel.tr\/?p=5559"},"modified":"2023-10-27T08:11:38","modified_gmt":"2023-10-27T08:11:38","slug":"5559","status":"publish","type":"post","link":"http:\/\/ilan.tavsanli.bel.tr\/index.php\/2023\/10\/27\/5559\/","title":{"rendered":""},"content":{"rendered":"<p><b>Alt\u0131nova k\u00f6y\u00fcnden merhum Mehmet \u00c7elebi\u2019nin e\u015fi, M\u00fcnise, Kezban, Zaide, Se\u00e7il, Erebi\u015f ve Cevdet \u00c7elebi\u2019nin anneleri, VES\u0130LE \u00c7ELEB\u0130 vefat etmi\u015ftir. Cenazesi cuma namaz\u0131n\u0131 m\u00fcteakip alt\u0131nova k\u00f6y\u00fc mezarl\u0131\u011f\u0131na defnedilecektir. Merhumeye Allah\u2019tan rahmet ailesine ve yak\u0131nlar\u0131na ba\u015fsa\u011fl\u0131\u011f\u0131 dileriz.<\/b><\/p>\n","protected":false},"excerpt":{"rendered":"<p>Alt\u0131nova k\u00f6y\u00fcnden merhum Mehmet \u00c7elebi\u2019nin e\u015fi, M\u00fcnise, Kezban, Zaide, Se\u00e7il, Erebi\u015f ve Cevdet \u00c7elebi\u2019nin anneleri, VES\u0130LE \u00c7ELEB\u0130 vefat etmi\u015ftir. Cenazesi cuma namaz\u0131n\u0131 m\u00fcteakip alt\u0131nova k\u00f6y\u00fc mezarl\u0131\u011f\u0131na defnedilecektir. Merhumeye Allah\u2019tan rahmet ailesine ve yak\u0131nlar\u0131na ba\u015fsa\u011fl\u0131\u011f\u0131 dileriz.<\/p>\n","protected":false},"author":7,"featured_media":0,"comment_status":"closed","ping_status":"closed","sticky":false,"template":"","format":"standard","meta":[],"categories":[2],"tags":[],"_links":{"self":[{"href":"http:\/\/ilan.tavsanli.bel.tr\/index.php\/wp-json\/wp\/v2\/posts\/5559"}],"collection":[{"href":"http:\/\/ilan.tavsanli.bel.tr\/index.php\/wp-json\/wp\/v2\/posts"}],"about":[{"href":"http:\/\/ilan.tavsanli.bel.tr\/index.php\/wp-json\/wp\/v2\/types\/post"}],"author":[{"embeddable":true,"href":"http:\/\/ilan.tavsanli.bel.tr\/index.php\/wp-json\/wp\/v2\/users\/7"}],"replies":[{"embeddable":true,"href":"http:\/\/ilan.tavsanli.bel.tr\/index.php\/wp-json\/wp\/v2\/comments?post=5559"}],"version-history":[{"count":1,"href":"http:\/\/ilan.tavsanli.bel.tr\/index.php\/wp-json\/wp\/v2\/posts\/5559\/revisions"}],"predecessor-version":[{"id":5560,"href":"http:\/\/ilan.tavsanli.bel.tr\/index.php\/wp-json\/wp\/v2\/posts\/5559\/revisions\/5560"}],"wp:attachment":[{"href":"http:\/\/ilan.tavsanli.bel.tr\/index.php\/wp-json\/wp\/v2\/media?parent=5559"}],"wp:term":[{"taxonomy":"category","embeddable":true,"href":"http:\/\/ilan.tavsanli.bel.tr\/index.php\/wp-json\/wp\/v2\/categories?post=5559"},{"taxonomy":"post_tag","embeddable":true,"href":"http:\/\/ilan.tavsanli.bel.tr\/index.php\/wp-json\/wp\/v2\/tags?post=5559"}],"curies":[{"name":"wp","href":"https:\/\/api.w.org\/{rel}","templated":true}]}}