{"id":5553,"date":"2023-10-26T08:13:54","date_gmt":"2023-10-26T08:13:54","guid":{"rendered":"http:\/\/ilan.tavsanli.bel.tr\/?p=5553"},"modified":"2023-10-26T08:13:54","modified_gmt":"2023-10-26T08:13:54","slug":"5553","status":"publish","type":"post","link":"http:\/\/ilan.tavsanli.bel.tr\/index.php\/2023\/10\/26\/5553\/","title":{"rendered":""},"content":{"rendered":"<p>Metin, Ramazan ve merhum S\u00fcleyman Sa\u011flam\u2019\u0131n babalar\u0131, Aziz ve merhum Sabri Sa\u011flam\u2019\u0131n abisi, HASAN H\u00dcSEY\u0130N SA\u011eLAM vefat etmi\u015ftir. Cenazesi K\u00fctahya nuru osmaniye camisinde k\u0131l\u0131nacak \u00f6\u011fle namaz\u0131n\u0131 m\u00fcteakip evliya \u00e7elebi mezarl\u0131\u011f\u0131na defnedilecektir. Merhuma Allah\u2019tan rahmet ailesine ve yak\u0131nlar\u0131na ba\u015fsa\u011fl\u0131\u011f\u0131 dileriz.<\/p>\n","protected":false},"excerpt":{"rendered":"<p>Metin, Ramazan ve merhum S\u00fcleyman Sa\u011flam\u2019\u0131n babalar\u0131, Aziz ve merhum Sabri Sa\u011flam\u2019\u0131n abisi, HASAN H\u00dcSEY\u0130N SA\u011eLAM vefat etmi\u015ftir. Cenazesi K\u00fctahya nuru osmaniye camisinde k\u0131l\u0131nacak \u00f6\u011fle namaz\u0131n\u0131 m\u00fcteakip evliya \u00e7elebi mezarl\u0131\u011f\u0131na defnedilecektir. Merhuma Allah\u2019tan rahmet ailesine ve yak\u0131nlar\u0131na ba\u015fsa\u011fl\u0131\u011f\u0131 dileriz.<\/p>\n","protected":false},"author":7,"featured_media":0,"comment_status":"closed","ping_status":"closed","sticky":false,"template":"","format":"standard","meta":[],"categories":[2],"tags":[],"_links":{"self":[{"href":"http:\/\/ilan.tavsanli.bel.tr\/index.php\/wp-json\/wp\/v2\/posts\/5553"}],"collection":[{"href":"http:\/\/ilan.tavsanli.bel.tr\/index.php\/wp-json\/wp\/v2\/posts"}],"about":[{"href":"http:\/\/ilan.tavsanli.bel.tr\/index.php\/wp-json\/wp\/v2\/types\/post"}],"author":[{"embeddable":true,"href":"http:\/\/ilan.tavsanli.bel.tr\/index.php\/wp-json\/wp\/v2\/users\/7"}],"replies":[{"embeddable":true,"href":"http:\/\/ilan.tavsanli.bel.tr\/index.php\/wp-json\/wp\/v2\/comments?post=5553"}],"version-history":[{"count":1,"href":"http:\/\/ilan.tavsanli.bel.tr\/index.php\/wp-json\/wp\/v2\/posts\/5553\/revisions"}],"predecessor-version":[{"id":5554,"href":"http:\/\/ilan.tavsanli.bel.tr\/index.php\/wp-json\/wp\/v2\/posts\/5553\/revisions\/5554"}],"wp:attachment":[{"href":"http:\/\/ilan.tavsanli.bel.tr\/index.php\/wp-json\/wp\/v2\/media?parent=5553"}],"wp:term":[{"taxonomy":"category","embeddable":true,"href":"http:\/\/ilan.tavsanli.bel.tr\/index.php\/wp-json\/wp\/v2\/categories?post=5553"},{"taxonomy":"post_tag","embeddable":true,"href":"http:\/\/ilan.tavsanli.bel.tr\/index.php\/wp-json\/wp\/v2\/tags?post=5553"}],"curies":[{"name":"wp","href":"https:\/\/api.w.org\/{rel}","templated":true}]}}