{"id":5551,"date":"2023-10-26T08:13:32","date_gmt":"2023-10-26T08:13:32","guid":{"rendered":"http:\/\/ilan.tavsanli.bel.tr\/?p=5551"},"modified":"2023-10-26T08:13:32","modified_gmt":"2023-10-26T08:13:32","slug":"5551","status":"publish","type":"post","link":"http:\/\/ilan.tavsanli.bel.tr\/index.php\/2023\/10\/26\/5551\/","title":{"rendered":""},"content":{"rendered":"<p>Merhum Abdurrahman Ka\u00e7ar&#8217;\u0131n e\u015fi, Ahmet Ernak ve Aykut Ka\u00e7ar&#8217;\u0131n anneleri, emekli \u00f6\u011fretmen REYHAN KA\u00c7AR vefat etmi\u015ftir. Cenazesi imam hatip camide k\u0131l\u0131nacak \u00f6\u011fle namaz\u0131na m\u00fcteakip yeni yaylac\u0131k mezarl\u0131\u011f\u0131na defnedilecektir. Merhumeye Allah\u2019tan rahmet ailesine ve yak\u0131nlar\u0131na ba\u015fsa\u011fl\u0131\u011f\u0131 dileriz.<\/p>\n","protected":false},"excerpt":{"rendered":"<p>Merhum Abdurrahman Ka\u00e7ar&#8217;\u0131n e\u015fi, Ahmet Ernak ve Aykut Ka\u00e7ar&#8217;\u0131n anneleri, emekli \u00f6\u011fretmen REYHAN KA\u00c7AR vefat etmi\u015ftir. Cenazesi imam hatip camide k\u0131l\u0131nacak \u00f6\u011fle namaz\u0131na m\u00fcteakip yeni yaylac\u0131k mezarl\u0131\u011f\u0131na defnedilecektir. Merhumeye Allah\u2019tan rahmet ailesine ve yak\u0131nlar\u0131na ba\u015fsa\u011fl\u0131\u011f\u0131 dileriz.<\/p>\n","protected":false},"author":7,"featured_media":0,"comment_status":"closed","ping_status":"closed","sticky":false,"template":"","format":"standard","meta":[],"categories":[4],"tags":[],"_links":{"self":[{"href":"http:\/\/ilan.tavsanli.bel.tr\/index.php\/wp-json\/wp\/v2\/posts\/5551"}],"collection":[{"href":"http:\/\/ilan.tavsanli.bel.tr\/index.php\/wp-json\/wp\/v2\/posts"}],"about":[{"href":"http:\/\/ilan.tavsanli.bel.tr\/index.php\/wp-json\/wp\/v2\/types\/post"}],"author":[{"embeddable":true,"href":"http:\/\/ilan.tavsanli.bel.tr\/index.php\/wp-json\/wp\/v2\/users\/7"}],"replies":[{"embeddable":true,"href":"http:\/\/ilan.tavsanli.bel.tr\/index.php\/wp-json\/wp\/v2\/comments?post=5551"}],"version-history":[{"count":1,"href":"http:\/\/ilan.tavsanli.bel.tr\/index.php\/wp-json\/wp\/v2\/posts\/5551\/revisions"}],"predecessor-version":[{"id":5552,"href":"http:\/\/ilan.tavsanli.bel.tr\/index.php\/wp-json\/wp\/v2\/posts\/5551\/revisions\/5552"}],"wp:attachment":[{"href":"http:\/\/ilan.tavsanli.bel.tr\/index.php\/wp-json\/wp\/v2\/media?parent=5551"}],"wp:term":[{"taxonomy":"category","embeddable":true,"href":"http:\/\/ilan.tavsanli.bel.tr\/index.php\/wp-json\/wp\/v2\/categories?post=5551"},{"taxonomy":"post_tag","embeddable":true,"href":"http:\/\/ilan.tavsanli.bel.tr\/index.php\/wp-json\/wp\/v2\/tags?post=5551"}],"curies":[{"name":"wp","href":"https:\/\/api.w.org\/{rel}","templated":true}]}}