{"id":5544,"date":"2023-10-25T11:14:07","date_gmt":"2023-10-25T11:14:07","guid":{"rendered":"http:\/\/ilan.tavsanli.bel.tr\/?p=5544"},"modified":"2023-10-25T11:14:07","modified_gmt":"2023-10-25T11:14:07","slug":"5544","status":"publish","type":"post","link":"http:\/\/ilan.tavsanli.bel.tr\/index.php\/2023\/10\/25\/5544\/","title":{"rendered":""},"content":{"rendered":"<p><span data-offset-key=\"183t6-0-1\">\u015eap\u00e7\u0131dede k\u00f6y\u00fcnden merhum Recep Bilgi\u2019nin o\u011flu, Alparslan, Recep ve Serdar Bilgi\u2019nin babalar\u0131, Zeliha Bilgi\u2019nin e\u015fi, Erol Bilgi\u2019nin abisi, Ahmet Ya\u015far ve \u00d6mer Yi\u011fit\u2019in kay\u0131nbiraderi, EKREM B\u0130LG\u0130 vefat etmi\u015ftir. Cenazesi ikindi namaz\u0131n\u0131 m\u00fcteakip \u015fap\u00e7\u0131dede k\u00f6y\u00fc mezarl\u0131\u011f\u0131na defnedilecektir. Merhuma Allah\u2019tan rahmet ailesine ve yak\u0131nlar\u0131na ba\u015fsa\u011fl\u0131\u011f\u0131 dileriz.<\/span><\/p>\n","protected":false},"excerpt":{"rendered":"<p>\u015eap\u00e7\u0131dede k\u00f6y\u00fcnden merhum Recep Bilgi\u2019nin o\u011flu, Alparslan, Recep ve Serdar Bilgi\u2019nin babalar\u0131, Zeliha Bilgi\u2019nin e\u015fi, Erol Bilgi\u2019nin abisi, Ahmet Ya\u015far ve \u00d6mer Yi\u011fit\u2019in kay\u0131nbiraderi, EKREM B\u0130LG\u0130 vefat etmi\u015ftir. Cenazesi ikindi namaz\u0131n\u0131 m\u00fcteakip \u015fap\u00e7\u0131dede k\u00f6y\u00fc mezarl\u0131\u011f\u0131na defnedilecektir. Merhuma Allah\u2019tan rahmet ailesine ve yak\u0131nlar\u0131na ba\u015fsa\u011fl\u0131\u011f\u0131 dileriz.<\/p>\n","protected":false},"author":7,"featured_media":0,"comment_status":"closed","ping_status":"closed","sticky":false,"template":"","format":"standard","meta":[],"categories":[2],"tags":[],"_links":{"self":[{"href":"http:\/\/ilan.tavsanli.bel.tr\/index.php\/wp-json\/wp\/v2\/posts\/5544"}],"collection":[{"href":"http:\/\/ilan.tavsanli.bel.tr\/index.php\/wp-json\/wp\/v2\/posts"}],"about":[{"href":"http:\/\/ilan.tavsanli.bel.tr\/index.php\/wp-json\/wp\/v2\/types\/post"}],"author":[{"embeddable":true,"href":"http:\/\/ilan.tavsanli.bel.tr\/index.php\/wp-json\/wp\/v2\/users\/7"}],"replies":[{"embeddable":true,"href":"http:\/\/ilan.tavsanli.bel.tr\/index.php\/wp-json\/wp\/v2\/comments?post=5544"}],"version-history":[{"count":1,"href":"http:\/\/ilan.tavsanli.bel.tr\/index.php\/wp-json\/wp\/v2\/posts\/5544\/revisions"}],"predecessor-version":[{"id":5545,"href":"http:\/\/ilan.tavsanli.bel.tr\/index.php\/wp-json\/wp\/v2\/posts\/5544\/revisions\/5545"}],"wp:attachment":[{"href":"http:\/\/ilan.tavsanli.bel.tr\/index.php\/wp-json\/wp\/v2\/media?parent=5544"}],"wp:term":[{"taxonomy":"category","embeddable":true,"href":"http:\/\/ilan.tavsanli.bel.tr\/index.php\/wp-json\/wp\/v2\/categories?post=5544"},{"taxonomy":"post_tag","embeddable":true,"href":"http:\/\/ilan.tavsanli.bel.tr\/index.php\/wp-json\/wp\/v2\/tags?post=5544"}],"curies":[{"name":"wp","href":"https:\/\/api.w.org\/{rel}","templated":true}]}}