{"id":5542,"date":"2023-10-25T11:13:48","date_gmt":"2023-10-25T11:13:48","guid":{"rendered":"http:\/\/ilan.tavsanli.bel.tr\/?p=5542"},"modified":"2023-10-25T11:13:48","modified_gmt":"2023-10-25T11:13:48","slug":"5542","status":"publish","type":"post","link":"http:\/\/ilan.tavsanli.bel.tr\/index.php\/2023\/10\/25\/5542\/","title":{"rendered":""},"content":{"rendered":"<p>Alik\u00f6yden H\u00fcseyin G\u00fcrsoy\u2019un abisi, L\u00fctf\u00fc G\u00fcrsoy\u2019un babas\u0131, Halil S\u00f6zer, Niyazi Durak ve \u0130brahim Demir\u2019in kay\u0131npederi, devlet demir yollar\u0131ndan emekli NAF\u0130Z G\u00dcRSOY vefat etmi\u015ftir. Cenazesi \u0130kindi namaz\u0131n\u0131 m\u00fcteakip alik\u00f6y mezarl\u0131\u011f\u0131na defnedilecektir. Merhuma Allah\u2019tan rahmet ailesine ve yak\u0131nlar\u0131na ba\u015fsa\u011fl\u0131\u011f\u0131 dileriz.<\/p>\n","protected":false},"excerpt":{"rendered":"<p>Alik\u00f6yden H\u00fcseyin G\u00fcrsoy\u2019un abisi, L\u00fctf\u00fc G\u00fcrsoy\u2019un babas\u0131, Halil S\u00f6zer, Niyazi Durak ve \u0130brahim Demir\u2019in kay\u0131npederi, devlet demir yollar\u0131ndan emekli NAF\u0130Z G\u00dcRSOY vefat etmi\u015ftir. Cenazesi \u0130kindi namaz\u0131n\u0131 m\u00fcteakip alik\u00f6y mezarl\u0131\u011f\u0131na defnedilecektir. Merhuma Allah\u2019tan rahmet ailesine ve yak\u0131nlar\u0131na ba\u015fsa\u011fl\u0131\u011f\u0131 dileriz.<\/p>\n","protected":false},"author":7,"featured_media":0,"comment_status":"closed","ping_status":"closed","sticky":false,"template":"","format":"standard","meta":[],"categories":[2],"tags":[],"_links":{"self":[{"href":"http:\/\/ilan.tavsanli.bel.tr\/index.php\/wp-json\/wp\/v2\/posts\/5542"}],"collection":[{"href":"http:\/\/ilan.tavsanli.bel.tr\/index.php\/wp-json\/wp\/v2\/posts"}],"about":[{"href":"http:\/\/ilan.tavsanli.bel.tr\/index.php\/wp-json\/wp\/v2\/types\/post"}],"author":[{"embeddable":true,"href":"http:\/\/ilan.tavsanli.bel.tr\/index.php\/wp-json\/wp\/v2\/users\/7"}],"replies":[{"embeddable":true,"href":"http:\/\/ilan.tavsanli.bel.tr\/index.php\/wp-json\/wp\/v2\/comments?post=5542"}],"version-history":[{"count":1,"href":"http:\/\/ilan.tavsanli.bel.tr\/index.php\/wp-json\/wp\/v2\/posts\/5542\/revisions"}],"predecessor-version":[{"id":5543,"href":"http:\/\/ilan.tavsanli.bel.tr\/index.php\/wp-json\/wp\/v2\/posts\/5542\/revisions\/5543"}],"wp:attachment":[{"href":"http:\/\/ilan.tavsanli.bel.tr\/index.php\/wp-json\/wp\/v2\/media?parent=5542"}],"wp:term":[{"taxonomy":"category","embeddable":true,"href":"http:\/\/ilan.tavsanli.bel.tr\/index.php\/wp-json\/wp\/v2\/categories?post=5542"},{"taxonomy":"post_tag","embeddable":true,"href":"http:\/\/ilan.tavsanli.bel.tr\/index.php\/wp-json\/wp\/v2\/tags?post=5542"}],"curies":[{"name":"wp","href":"https:\/\/api.w.org\/{rel}","templated":true}]}}