{"id":552,"date":"2021-01-15T11:02:59","date_gmt":"2021-01-15T11:02:59","guid":{"rendered":"http:\/\/ilan.tavsanli.bel.tr\/?p=552"},"modified":"2021-01-15T11:02:59","modified_gmt":"2021-01-15T11:02:59","slug":"552","status":"publish","type":"post","link":"http:\/\/ilan.tavsanli.bel.tr\/index.php\/2021\/01\/15\/552\/","title":{"rendered":""},"content":{"rendered":"\n<p>Emirler K\u00f6y\u00fcnden Rabia Alparslan\u2019\u0131n e\u015fi, Mehmet Alparslan, Dilek \u00d6zdemir, Ahmet Alparslan\u2019\u0131n babalar\u0131 MEHMET SADIK ALPARSLAN vefat etmi\u015ftir. Cenazesi Saat: 15.00 de Emirler k\u00f6y\u00fc mezarl\u0131\u011f\u0131na defnedilecek. Merhuma Allah\u2019tan rahmet, ailesi ve yak\u0131nlar\u0131na ba\u015fsa\u011fl\u0131\u011f\u0131 dileriz.<\/p>\n","protected":false},"excerpt":{"rendered":"<p>Emirler K\u00f6y\u00fcnden Rabia Alparslan\u2019\u0131n e\u015fi, Mehmet Alparslan, Dilek \u00d6zdemir, Ahmet Alparslan\u2019\u0131n babalar\u0131 MEHMET SADIK ALPARSLAN vefat etmi\u015ftir. Cenazesi Saat: 15.00 de Emirler k\u00f6y\u00fc mezarl\u0131\u011f\u0131na defnedilecek. Merhuma Allah\u2019tan rahmet, ailesi ve yak\u0131nlar\u0131na ba\u015fsa\u011fl\u0131\u011f\u0131 dileriz.<\/p>\n","protected":false},"author":4,"featured_media":0,"comment_status":"closed","ping_status":"","sticky":false,"template":"","format":"standard","meta":[],"categories":[2],"tags":[],"_links":{"self":[{"href":"http:\/\/ilan.tavsanli.bel.tr\/index.php\/wp-json\/wp\/v2\/posts\/552"}],"collection":[{"href":"http:\/\/ilan.tavsanli.bel.tr\/index.php\/wp-json\/wp\/v2\/posts"}],"about":[{"href":"http:\/\/ilan.tavsanli.bel.tr\/index.php\/wp-json\/wp\/v2\/types\/post"}],"author":[{"embeddable":true,"href":"http:\/\/ilan.tavsanli.bel.tr\/index.php\/wp-json\/wp\/v2\/users\/4"}],"replies":[{"embeddable":true,"href":"http:\/\/ilan.tavsanli.bel.tr\/index.php\/wp-json\/wp\/v2\/comments?post=552"}],"version-history":[{"count":1,"href":"http:\/\/ilan.tavsanli.bel.tr\/index.php\/wp-json\/wp\/v2\/posts\/552\/revisions"}],"predecessor-version":[{"id":553,"href":"http:\/\/ilan.tavsanli.bel.tr\/index.php\/wp-json\/wp\/v2\/posts\/552\/revisions\/553"}],"wp:attachment":[{"href":"http:\/\/ilan.tavsanli.bel.tr\/index.php\/wp-json\/wp\/v2\/media?parent=552"}],"wp:term":[{"taxonomy":"category","embeddable":true,"href":"http:\/\/ilan.tavsanli.bel.tr\/index.php\/wp-json\/wp\/v2\/categories?post=552"},{"taxonomy":"post_tag","embeddable":true,"href":"http:\/\/ilan.tavsanli.bel.tr\/index.php\/wp-json\/wp\/v2\/tags?post=552"}],"curies":[{"name":"wp","href":"https:\/\/api.w.org\/{rel}","templated":true}]}}