{"id":550,"date":"2021-01-15T08:08:03","date_gmt":"2021-01-15T08:08:03","guid":{"rendered":"http:\/\/ilan.tavsanli.bel.tr\/?p=550"},"modified":"2021-01-15T08:08:03","modified_gmt":"2021-01-15T08:08:03","slug":"550","status":"publish","type":"post","link":"http:\/\/ilan.tavsanli.bel.tr\/index.php\/2021\/01\/15\/550\/","title":{"rendered":""},"content":{"rendered":"\n<p>Tav\u015fanl\u0131 e\u015fraflar\u0131ndan ila\u00e7 firmas\u0131 \u00e7al\u0131\u015fan\u0131 Mustafa ve Taksici Salih \u015eeng\u00fcn\u2019\u00fcn babalar\u0131, Umut, Utku, Zeliha, Zi\u015fan ve \u0130kra\u2019n\u0131n B\u00fcy\u00fck babalar\u0131 Abdurrahman \u00c7er\u00e7i\u2019nin kay\u0131nbiraderi Termik emekli i\u015f\u00e7ilerinden Taksici HAL\u0130L \u015eENG\u00dcN vefat etmi\u015ftir. Cenazesi Saat:14.00 de Tav\u015fanl\u0131 mezarl\u0131\u011f\u0131na defnedilecektir. Merhuma Allah\u2019tan rahmet, ailesi ve yak\u0131nlar\u0131na ba\u015fsa\u011fl\u0131\u011f\u0131 dileriz.<\/p>\n","protected":false},"excerpt":{"rendered":"<p>Tav\u015fanl\u0131 e\u015fraflar\u0131ndan ila\u00e7 firmas\u0131 \u00e7al\u0131\u015fan\u0131 Mustafa ve Taksici Salih \u015eeng\u00fcn\u2019\u00fcn babalar\u0131, Umut, Utku, Zeliha, Zi\u015fan ve \u0130kra\u2019n\u0131n B\u00fcy\u00fck babalar\u0131 Abdurrahman \u00c7er\u00e7i\u2019nin kay\u0131nbiraderi Termik emekli i\u015f\u00e7ilerinden Taksici HAL\u0130L \u015eENG\u00dcN vefat etmi\u015ftir. Cenazesi Saat:14.00 de Tav\u015fanl\u0131 mezarl\u0131\u011f\u0131na defnedilecektir. Merhuma Allah\u2019tan rahmet, ailesi ve yak\u0131nlar\u0131na ba\u015fsa\u011fl\u0131\u011f\u0131 dileriz.<\/p>\n","protected":false},"author":4,"featured_media":0,"comment_status":"closed","ping_status":"","sticky":false,"template":"","format":"standard","meta":[],"categories":[2],"tags":[],"_links":{"self":[{"href":"http:\/\/ilan.tavsanli.bel.tr\/index.php\/wp-json\/wp\/v2\/posts\/550"}],"collection":[{"href":"http:\/\/ilan.tavsanli.bel.tr\/index.php\/wp-json\/wp\/v2\/posts"}],"about":[{"href":"http:\/\/ilan.tavsanli.bel.tr\/index.php\/wp-json\/wp\/v2\/types\/post"}],"author":[{"embeddable":true,"href":"http:\/\/ilan.tavsanli.bel.tr\/index.php\/wp-json\/wp\/v2\/users\/4"}],"replies":[{"embeddable":true,"href":"http:\/\/ilan.tavsanli.bel.tr\/index.php\/wp-json\/wp\/v2\/comments?post=550"}],"version-history":[{"count":1,"href":"http:\/\/ilan.tavsanli.bel.tr\/index.php\/wp-json\/wp\/v2\/posts\/550\/revisions"}],"predecessor-version":[{"id":551,"href":"http:\/\/ilan.tavsanli.bel.tr\/index.php\/wp-json\/wp\/v2\/posts\/550\/revisions\/551"}],"wp:attachment":[{"href":"http:\/\/ilan.tavsanli.bel.tr\/index.php\/wp-json\/wp\/v2\/media?parent=550"}],"wp:term":[{"taxonomy":"category","embeddable":true,"href":"http:\/\/ilan.tavsanli.bel.tr\/index.php\/wp-json\/wp\/v2\/categories?post=550"},{"taxonomy":"post_tag","embeddable":true,"href":"http:\/\/ilan.tavsanli.bel.tr\/index.php\/wp-json\/wp\/v2\/tags?post=550"}],"curies":[{"name":"wp","href":"https:\/\/api.w.org\/{rel}","templated":true}]}}