{"id":5496,"date":"2023-10-13T11:06:46","date_gmt":"2023-10-13T11:06:46","guid":{"rendered":"http:\/\/ilan.tavsanli.bel.tr\/?p=5496"},"modified":"2023-10-13T11:06:46","modified_gmt":"2023-10-13T11:06:46","slug":"5496","status":"publish","type":"post","link":"http:\/\/ilan.tavsanli.bel.tr\/index.php\/2023\/10\/13\/5496\/","title":{"rendered":""},"content":{"rendered":"<p>Derecik k\u00f6yden merhum \u015eerif Ali G\u00fcng\u00f6r\u2019\u00fcn o\u011flu, Sabahat G\u00fcng\u00f6r\u00fcn e\u015fi, Mukaddes G\u00fcng\u00f6r\u2019\u00fcn babas\u0131, Ahmet ve merhum \u0130brahim G\u00fcng\u00f6r\u00fcn karde\u015fi, G.L.\u0130 emekli i\u015f\u00e7ilerinden dede lakapl\u0131 CELAL G\u00dcNG\u00d6R vefat etmi\u015ftir. Cenazesi ikindi namaz\u0131n\u0131 m\u00fcteakip derecik k\u00f6y mezarl\u0131\u011f\u0131na defnedilecektir. Merhuma Allah\u2019tan rahmet ailesine ve yak\u0131nlar\u0131na ba\u015fsa\u011fl\u0131\u011f\u0131 dileriz.<\/p>\n","protected":false},"excerpt":{"rendered":"<p>Derecik k\u00f6yden merhum \u015eerif Ali G\u00fcng\u00f6r\u2019\u00fcn o\u011flu, Sabahat G\u00fcng\u00f6r\u00fcn e\u015fi, Mukaddes G\u00fcng\u00f6r\u2019\u00fcn babas\u0131, Ahmet ve merhum \u0130brahim G\u00fcng\u00f6r\u00fcn karde\u015fi, G.L.\u0130 emekli i\u015f\u00e7ilerinden dede lakapl\u0131 CELAL G\u00dcNG\u00d6R vefat etmi\u015ftir. Cenazesi ikindi namaz\u0131n\u0131 m\u00fcteakip derecik k\u00f6y mezarl\u0131\u011f\u0131na defnedilecektir. Merhuma Allah\u2019tan rahmet ailesine ve yak\u0131nlar\u0131na ba\u015fsa\u011fl\u0131\u011f\u0131 dileriz.<\/p>\n","protected":false},"author":7,"featured_media":0,"comment_status":"closed","ping_status":"closed","sticky":false,"template":"","format":"standard","meta":[],"categories":[2],"tags":[],"_links":{"self":[{"href":"http:\/\/ilan.tavsanli.bel.tr\/index.php\/wp-json\/wp\/v2\/posts\/5496"}],"collection":[{"href":"http:\/\/ilan.tavsanli.bel.tr\/index.php\/wp-json\/wp\/v2\/posts"}],"about":[{"href":"http:\/\/ilan.tavsanli.bel.tr\/index.php\/wp-json\/wp\/v2\/types\/post"}],"author":[{"embeddable":true,"href":"http:\/\/ilan.tavsanli.bel.tr\/index.php\/wp-json\/wp\/v2\/users\/7"}],"replies":[{"embeddable":true,"href":"http:\/\/ilan.tavsanli.bel.tr\/index.php\/wp-json\/wp\/v2\/comments?post=5496"}],"version-history":[{"count":1,"href":"http:\/\/ilan.tavsanli.bel.tr\/index.php\/wp-json\/wp\/v2\/posts\/5496\/revisions"}],"predecessor-version":[{"id":5497,"href":"http:\/\/ilan.tavsanli.bel.tr\/index.php\/wp-json\/wp\/v2\/posts\/5496\/revisions\/5497"}],"wp:attachment":[{"href":"http:\/\/ilan.tavsanli.bel.tr\/index.php\/wp-json\/wp\/v2\/media?parent=5496"}],"wp:term":[{"taxonomy":"category","embeddable":true,"href":"http:\/\/ilan.tavsanli.bel.tr\/index.php\/wp-json\/wp\/v2\/categories?post=5496"},{"taxonomy":"post_tag","embeddable":true,"href":"http:\/\/ilan.tavsanli.bel.tr\/index.php\/wp-json\/wp\/v2\/tags?post=5496"}],"curies":[{"name":"wp","href":"https:\/\/api.w.org\/{rel}","templated":true}]}}