{"id":548,"date":"2021-01-15T08:07:45","date_gmt":"2021-01-15T08:07:45","guid":{"rendered":"http:\/\/ilan.tavsanli.bel.tr\/?p=548"},"modified":"2021-01-15T08:07:45","modified_gmt":"2021-01-15T08:07:45","slug":"548","status":"publish","type":"post","link":"http:\/\/ilan.tavsanli.bel.tr\/index.php\/2021\/01\/15\/548\/","title":{"rendered":""},"content":{"rendered":"\n<p>Ayval\u0131 K\u00f6y\u00fcnden G.L. \u0130\u00a0 emekli i\u015f\u00e7isi \u00a0Osman Demir\u2019in annesi, G.L. \u0130 emekli i\u015f\u00e7isi Ali G\u00f6k\u00e7e\u2019nin ve \u015eehit \u00d6\u011fretmen Mustafa \u00c7a\u011flar\u0131n kay\u0131nvalidesi, Kadir Demir, Orhan G\u00f6k\u00e7e, Murat \u00c7a\u011flar, \u0130hsan G\u00f6k\u00e7e\u2019nin B\u00fcy\u00fck anneleri HAN\u0130FE DEM\u0130R vefat etmi\u015ftir. Merhumeye Allah\u2019tan rahmet, ailesi ve yak\u0131nlar\u0131na ba\u015fsa\u011fl\u0131\u011f\u0131 dileriz.<\/p>\n","protected":false},"excerpt":{"rendered":"<p>Ayval\u0131 K\u00f6y\u00fcnden G.L. \u0130\u00a0 emekli i\u015f\u00e7isi \u00a0Osman Demir\u2019in annesi, G.L. \u0130 emekli i\u015f\u00e7isi Ali G\u00f6k\u00e7e\u2019nin ve \u015eehit \u00d6\u011fretmen Mustafa \u00c7a\u011flar\u0131n kay\u0131nvalidesi, Kadir Demir, Orhan G\u00f6k\u00e7e, Murat \u00c7a\u011flar, \u0130hsan G\u00f6k\u00e7e\u2019nin B\u00fcy\u00fck anneleri HAN\u0130FE DEM\u0130R vefat etmi\u015ftir. Merhumeye Allah\u2019tan rahmet, ailesi ve yak\u0131nlar\u0131na ba\u015fsa\u011fl\u0131\u011f\u0131 dileriz.<\/p>\n","protected":false},"author":4,"featured_media":0,"comment_status":"closed","ping_status":"","sticky":false,"template":"","format":"standard","meta":[],"categories":[2],"tags":[],"_links":{"self":[{"href":"http:\/\/ilan.tavsanli.bel.tr\/index.php\/wp-json\/wp\/v2\/posts\/548"}],"collection":[{"href":"http:\/\/ilan.tavsanli.bel.tr\/index.php\/wp-json\/wp\/v2\/posts"}],"about":[{"href":"http:\/\/ilan.tavsanli.bel.tr\/index.php\/wp-json\/wp\/v2\/types\/post"}],"author":[{"embeddable":true,"href":"http:\/\/ilan.tavsanli.bel.tr\/index.php\/wp-json\/wp\/v2\/users\/4"}],"replies":[{"embeddable":true,"href":"http:\/\/ilan.tavsanli.bel.tr\/index.php\/wp-json\/wp\/v2\/comments?post=548"}],"version-history":[{"count":1,"href":"http:\/\/ilan.tavsanli.bel.tr\/index.php\/wp-json\/wp\/v2\/posts\/548\/revisions"}],"predecessor-version":[{"id":549,"href":"http:\/\/ilan.tavsanli.bel.tr\/index.php\/wp-json\/wp\/v2\/posts\/548\/revisions\/549"}],"wp:attachment":[{"href":"http:\/\/ilan.tavsanli.bel.tr\/index.php\/wp-json\/wp\/v2\/media?parent=548"}],"wp:term":[{"taxonomy":"category","embeddable":true,"href":"http:\/\/ilan.tavsanli.bel.tr\/index.php\/wp-json\/wp\/v2\/categories?post=548"},{"taxonomy":"post_tag","embeddable":true,"href":"http:\/\/ilan.tavsanli.bel.tr\/index.php\/wp-json\/wp\/v2\/tags?post=548"}],"curies":[{"name":"wp","href":"https:\/\/api.w.org\/{rel}","templated":true}]}}