{"id":5395,"date":"2023-09-22T08:53:21","date_gmt":"2023-09-22T08:53:21","guid":{"rendered":"http:\/\/ilan.tavsanli.bel.tr\/?p=5395"},"modified":"2023-09-22T08:53:36","modified_gmt":"2023-09-22T08:53:36","slug":"5395","status":"publish","type":"post","link":"http:\/\/ilan.tavsanli.bel.tr\/index.php\/2023\/09\/22\/5395\/","title":{"rendered":""},"content":{"rendered":"<p>Merhum \u0130brahim Varol\u2019un o\u011flu, Nedim \u00c7ilenti\u2019nin babas\u0131, merhum Fehmi Varol\u2019un abisi, sosyetik mehmet lakapl\u0131 MEHMET VAROL vefat etmi\u015ftir. Cenazesi arslanbey camisinde k\u0131l\u0131nacak cuma namaz\u0131na m\u00fcteakip yeni yaylac\u0131k mezarl\u0131\u011f\u0131na, defnedilecektir. Merhuma Allah\u2019tan rahmet ailesine ve yak\u0131nlar\u0131na ba\u015fsa\u011fl\u0131\u011f\u0131 dileriz.<\/p>\n","protected":false},"excerpt":{"rendered":"<p>Merhum \u0130brahim Varol\u2019un o\u011flu, Nedim \u00c7ilenti\u2019nin babas\u0131, merhum Fehmi Varol\u2019un abisi, sosyetik mehmet lakapl\u0131 MEHMET VAROL vefat etmi\u015ftir. Cenazesi arslanbey camisinde k\u0131l\u0131nacak cuma namaz\u0131na m\u00fcteakip yeni yaylac\u0131k mezarl\u0131\u011f\u0131na, defnedilecektir. Merhuma Allah\u2019tan rahmet ailesine ve yak\u0131nlar\u0131na ba\u015fsa\u011fl\u0131\u011f\u0131 dileriz.<\/p>\n","protected":false},"author":7,"featured_media":0,"comment_status":"closed","ping_status":"closed","sticky":false,"template":"","format":"standard","meta":[],"categories":[2],"tags":[],"_links":{"self":[{"href":"http:\/\/ilan.tavsanli.bel.tr\/index.php\/wp-json\/wp\/v2\/posts\/5395"}],"collection":[{"href":"http:\/\/ilan.tavsanli.bel.tr\/index.php\/wp-json\/wp\/v2\/posts"}],"about":[{"href":"http:\/\/ilan.tavsanli.bel.tr\/index.php\/wp-json\/wp\/v2\/types\/post"}],"author":[{"embeddable":true,"href":"http:\/\/ilan.tavsanli.bel.tr\/index.php\/wp-json\/wp\/v2\/users\/7"}],"replies":[{"embeddable":true,"href":"http:\/\/ilan.tavsanli.bel.tr\/index.php\/wp-json\/wp\/v2\/comments?post=5395"}],"version-history":[{"count":1,"href":"http:\/\/ilan.tavsanli.bel.tr\/index.php\/wp-json\/wp\/v2\/posts\/5395\/revisions"}],"predecessor-version":[{"id":5396,"href":"http:\/\/ilan.tavsanli.bel.tr\/index.php\/wp-json\/wp\/v2\/posts\/5395\/revisions\/5396"}],"wp:attachment":[{"href":"http:\/\/ilan.tavsanli.bel.tr\/index.php\/wp-json\/wp\/v2\/media?parent=5395"}],"wp:term":[{"taxonomy":"category","embeddable":true,"href":"http:\/\/ilan.tavsanli.bel.tr\/index.php\/wp-json\/wp\/v2\/categories?post=5395"},{"taxonomy":"post_tag","embeddable":true,"href":"http:\/\/ilan.tavsanli.bel.tr\/index.php\/wp-json\/wp\/v2\/tags?post=5395"}],"curies":[{"name":"wp","href":"https:\/\/api.w.org\/{rel}","templated":true}]}}