{"id":5252,"date":"2023-06-12T11:21:28","date_gmt":"2023-06-12T11:21:28","guid":{"rendered":"http:\/\/ilan.tavsanli.bel.tr\/?p=5252"},"modified":"2023-06-12T11:21:28","modified_gmt":"2023-06-12T11:21:28","slug":"5252","status":"publish","type":"post","link":"http:\/\/ilan.tavsanli.bel.tr\/index.php\/2023\/06\/12\/5252\/","title":{"rendered":""},"content":{"rendered":"\n<p><strong>Turgut, Turan ve Mehmet Cengiz\u2019in anneleri, LEMAN\u0130YE CENG\u0130Z vefat etmi\u015ftir. Cenazesi tun\u00e7bilek k\u00f6pr\u00fcba\u015f\u0131 camisinde k\u0131l\u0131nacak ikindi namaz\u0131n\u0131 m\u00fcteakip tun\u00e7bilek merkez mahallesi mezarl\u0131\u011f\u0131na defnedilecektir. Merhumeye Allah\u2019tan rahmet ailesine ve yak\u0131nlar\u0131na ba\u015fsa\u011fl\u0131\u011f\u0131 dileriz.<\/strong><\/p>\n","protected":false},"excerpt":{"rendered":"<p>Turgut, Turan ve Mehmet Cengiz\u2019in anneleri, LEMAN\u0130YE CENG\u0130Z vefat etmi\u015ftir. Cenazesi tun\u00e7bilek k\u00f6pr\u00fcba\u015f\u0131 camisinde k\u0131l\u0131nacak ikindi namaz\u0131n\u0131 m\u00fcteakip tun\u00e7bilek merkez mahallesi mezarl\u0131\u011f\u0131na defnedilecektir. Merhumeye Allah\u2019tan rahmet ailesine ve yak\u0131nlar\u0131na ba\u015fsa\u011fl\u0131\u011f\u0131 dileriz.<\/p>\n","protected":false},"author":5,"featured_media":0,"comment_status":"closed","ping_status":"","sticky":false,"template":"","format":"standard","meta":[],"categories":[2],"tags":[],"_links":{"self":[{"href":"http:\/\/ilan.tavsanli.bel.tr\/index.php\/wp-json\/wp\/v2\/posts\/5252"}],"collection":[{"href":"http:\/\/ilan.tavsanli.bel.tr\/index.php\/wp-json\/wp\/v2\/posts"}],"about":[{"href":"http:\/\/ilan.tavsanli.bel.tr\/index.php\/wp-json\/wp\/v2\/types\/post"}],"author":[{"embeddable":true,"href":"http:\/\/ilan.tavsanli.bel.tr\/index.php\/wp-json\/wp\/v2\/users\/5"}],"replies":[{"embeddable":true,"href":"http:\/\/ilan.tavsanli.bel.tr\/index.php\/wp-json\/wp\/v2\/comments?post=5252"}],"version-history":[{"count":1,"href":"http:\/\/ilan.tavsanli.bel.tr\/index.php\/wp-json\/wp\/v2\/posts\/5252\/revisions"}],"predecessor-version":[{"id":5253,"href":"http:\/\/ilan.tavsanli.bel.tr\/index.php\/wp-json\/wp\/v2\/posts\/5252\/revisions\/5253"}],"wp:attachment":[{"href":"http:\/\/ilan.tavsanli.bel.tr\/index.php\/wp-json\/wp\/v2\/media?parent=5252"}],"wp:term":[{"taxonomy":"category","embeddable":true,"href":"http:\/\/ilan.tavsanli.bel.tr\/index.php\/wp-json\/wp\/v2\/categories?post=5252"},{"taxonomy":"post_tag","embeddable":true,"href":"http:\/\/ilan.tavsanli.bel.tr\/index.php\/wp-json\/wp\/v2\/tags?post=5252"}],"curies":[{"name":"wp","href":"https:\/\/api.w.org\/{rel}","templated":true}]}}