{"id":4949,"date":"2023-03-17T11:09:12","date_gmt":"2023-03-17T11:09:12","guid":{"rendered":"http:\/\/ilan.tavsanli.bel.tr\/?p=4949"},"modified":"2023-03-17T11:09:12","modified_gmt":"2023-03-17T11:09:12","slug":"4949","status":"publish","type":"post","link":"http:\/\/ilan.tavsanli.bel.tr\/index.php\/2023\/03\/17\/4949\/","title":{"rendered":""},"content":{"rendered":"\n<p>\u00c7ukurk\u00f6y mahallesinden merhum Nahide \u015een\u2019in e\u015fi, Nil\u00fcfer, Nilg\u00fcn ve Rengin \u015een\u2019in babalar\u0131, Metin Bahad\u0131r, Mehmet Emin \u015eenol ve \u0130smail \u015een\u2019in kay\u0131npederi, G.L.\u0130 emekli i\u015f\u00e7ilerinden SEBAHATT\u0130N \u015eEN vefat etmi\u015ftir. Cenazesi ikindi namaz\u0131n\u0131 m\u00fcteakip Tav\u015fanl\u0131 mezarl\u0131\u011f\u0131na defnedilecektir. Merhuma Allah\u2019tan rahmet ailesine ve yak\u0131nlar\u0131na ba\u015fsa\u011fl\u0131\u011f\u0131 dileriz.<\/p>\n","protected":false},"excerpt":{"rendered":"<p>\u00c7ukurk\u00f6y mahallesinden merhum Nahide \u015een\u2019in e\u015fi, Nil\u00fcfer, Nilg\u00fcn ve Rengin \u015een\u2019in babalar\u0131, Metin Bahad\u0131r, Mehmet Emin \u015eenol ve \u0130smail \u015een\u2019in kay\u0131npederi, G.L.\u0130 emekli i\u015f\u00e7ilerinden SEBAHATT\u0130N \u015eEN vefat etmi\u015ftir. Cenazesi ikindi namaz\u0131n\u0131 m\u00fcteakip Tav\u015fanl\u0131 mezarl\u0131\u011f\u0131na defnedilecektir. Merhuma Allah\u2019tan rahmet ailesine ve yak\u0131nlar\u0131na ba\u015fsa\u011fl\u0131\u011f\u0131 dileriz.<\/p>\n","protected":false},"author":5,"featured_media":0,"comment_status":"closed","ping_status":"","sticky":false,"template":"","format":"standard","meta":[],"categories":[2],"tags":[],"_links":{"self":[{"href":"http:\/\/ilan.tavsanli.bel.tr\/index.php\/wp-json\/wp\/v2\/posts\/4949"}],"collection":[{"href":"http:\/\/ilan.tavsanli.bel.tr\/index.php\/wp-json\/wp\/v2\/posts"}],"about":[{"href":"http:\/\/ilan.tavsanli.bel.tr\/index.php\/wp-json\/wp\/v2\/types\/post"}],"author":[{"embeddable":true,"href":"http:\/\/ilan.tavsanli.bel.tr\/index.php\/wp-json\/wp\/v2\/users\/5"}],"replies":[{"embeddable":true,"href":"http:\/\/ilan.tavsanli.bel.tr\/index.php\/wp-json\/wp\/v2\/comments?post=4949"}],"version-history":[{"count":1,"href":"http:\/\/ilan.tavsanli.bel.tr\/index.php\/wp-json\/wp\/v2\/posts\/4949\/revisions"}],"predecessor-version":[{"id":4950,"href":"http:\/\/ilan.tavsanli.bel.tr\/index.php\/wp-json\/wp\/v2\/posts\/4949\/revisions\/4950"}],"wp:attachment":[{"href":"http:\/\/ilan.tavsanli.bel.tr\/index.php\/wp-json\/wp\/v2\/media?parent=4949"}],"wp:term":[{"taxonomy":"category","embeddable":true,"href":"http:\/\/ilan.tavsanli.bel.tr\/index.php\/wp-json\/wp\/v2\/categories?post=4949"},{"taxonomy":"post_tag","embeddable":true,"href":"http:\/\/ilan.tavsanli.bel.tr\/index.php\/wp-json\/wp\/v2\/tags?post=4949"}],"curies":[{"name":"wp","href":"https:\/\/api.w.org\/{rel}","templated":true}]}}