{"id":4922,"date":"2023-03-13T11:29:56","date_gmt":"2023-03-13T11:29:56","guid":{"rendered":"http:\/\/ilan.tavsanli.bel.tr\/?p=4922"},"modified":"2023-03-13T11:29:56","modified_gmt":"2023-03-13T11:29:56","slug":"4922","status":"publish","type":"post","link":"http:\/\/ilan.tavsanli.bel.tr\/index.php\/2023\/03\/13\/4922\/","title":{"rendered":""},"content":{"rendered":"\n<p>Moymul mahallesinden merhum Emine Kabaday\u0131\u2019n\u0131n e\u015fi, merhum Niyazi Kabaday\u0131\u2019n\u0131n karde\u015fi, Seda Kabaday\u0131\u2019n\u0131n babas\u0131 \u00d6mer L\u00fctfi D\u00fcndar\u2019\u0131n kay\u0131npederi, HASAN H\u00dcSEY\u0130N KABADAYI \u00a0vefat etmi\u015ftir. Cenazesi ikindi namaz\u0131n\u0131 m\u00fcteakip moymul mahallesi mezarl\u0131\u011f\u0131na defnedilecektir. Merhuma Allah\u2019tan rahmet ailesine ve yak\u0131nlar\u0131na ba\u015fsa\u011fl\u0131\u011f\u0131 dileriz.<\/p>\n","protected":false},"excerpt":{"rendered":"<p>Moymul mahallesinden merhum Emine Kabaday\u0131\u2019n\u0131n e\u015fi, merhum Niyazi Kabaday\u0131\u2019n\u0131n karde\u015fi, Seda Kabaday\u0131\u2019n\u0131n babas\u0131 \u00d6mer L\u00fctfi D\u00fcndar\u2019\u0131n kay\u0131npederi, HASAN H\u00dcSEY\u0130N KABADAYI \u00a0vefat etmi\u015ftir. Cenazesi ikindi namaz\u0131n\u0131 m\u00fcteakip moymul mahallesi mezarl\u0131\u011f\u0131na defnedilecektir. Merhuma Allah\u2019tan rahmet ailesine ve yak\u0131nlar\u0131na ba\u015fsa\u011fl\u0131\u011f\u0131 dileriz.<\/p>\n","protected":false},"author":5,"featured_media":0,"comment_status":"closed","ping_status":"","sticky":false,"template":"","format":"standard","meta":[],"categories":[2],"tags":[],"_links":{"self":[{"href":"http:\/\/ilan.tavsanli.bel.tr\/index.php\/wp-json\/wp\/v2\/posts\/4922"}],"collection":[{"href":"http:\/\/ilan.tavsanli.bel.tr\/index.php\/wp-json\/wp\/v2\/posts"}],"about":[{"href":"http:\/\/ilan.tavsanli.bel.tr\/index.php\/wp-json\/wp\/v2\/types\/post"}],"author":[{"embeddable":true,"href":"http:\/\/ilan.tavsanli.bel.tr\/index.php\/wp-json\/wp\/v2\/users\/5"}],"replies":[{"embeddable":true,"href":"http:\/\/ilan.tavsanli.bel.tr\/index.php\/wp-json\/wp\/v2\/comments?post=4922"}],"version-history":[{"count":1,"href":"http:\/\/ilan.tavsanli.bel.tr\/index.php\/wp-json\/wp\/v2\/posts\/4922\/revisions"}],"predecessor-version":[{"id":4923,"href":"http:\/\/ilan.tavsanli.bel.tr\/index.php\/wp-json\/wp\/v2\/posts\/4922\/revisions\/4923"}],"wp:attachment":[{"href":"http:\/\/ilan.tavsanli.bel.tr\/index.php\/wp-json\/wp\/v2\/media?parent=4922"}],"wp:term":[{"taxonomy":"category","embeddable":true,"href":"http:\/\/ilan.tavsanli.bel.tr\/index.php\/wp-json\/wp\/v2\/categories?post=4922"},{"taxonomy":"post_tag","embeddable":true,"href":"http:\/\/ilan.tavsanli.bel.tr\/index.php\/wp-json\/wp\/v2\/tags?post=4922"}],"curies":[{"name":"wp","href":"https:\/\/api.w.org\/{rel}","templated":true}]}}