{"id":4920,"date":"2023-03-13T08:10:39","date_gmt":"2023-03-13T08:10:39","guid":{"rendered":"http:\/\/ilan.tavsanli.bel.tr\/?p=4920"},"modified":"2023-03-13T08:10:39","modified_gmt":"2023-03-13T08:10:39","slug":"4920","status":"publish","type":"post","link":"http:\/\/ilan.tavsanli.bel.tr\/index.php\/2023\/03\/13\/4920\/","title":{"rendered":""},"content":{"rendered":"\n<p>\u00c7ukurk\u00f6y mahallesinden \u0130smail \u0130pek\u2019in babas\u0131, merhum Halil ve merhum hac\u0131 Ahmet \u0130pek\u2019in karde\u015fi, hac\u0131 Mustafa Ta\u015f\u2019\u0131n kay\u0131npederi, hac\u0131 MEHMET \u0130PEK vefat etmi\u015ftir. Cenazesi \u00e7ukurk\u00f6y merkez camisinde k\u0131l\u0131nacak \u00f6\u011fle namaz\u0131n\u0131 m\u00fcteakip \u00e7ukurk\u00f6y mahallesi mezarl\u0131\u011f\u0131na defnedilecektir. Merhuma Allah\u2019tan rahmet ailesine ve yak\u0131nlar\u0131na ba\u015fsa\u011fl\u0131\u011f\u0131 dileriz.<\/p>\n","protected":false},"excerpt":{"rendered":"<p>\u00c7ukurk\u00f6y mahallesinden \u0130smail \u0130pek\u2019in babas\u0131, merhum Halil ve merhum hac\u0131 Ahmet \u0130pek\u2019in karde\u015fi, hac\u0131 Mustafa Ta\u015f\u2019\u0131n kay\u0131npederi, hac\u0131 MEHMET \u0130PEK vefat etmi\u015ftir. Cenazesi \u00e7ukurk\u00f6y merkez camisinde k\u0131l\u0131nacak \u00f6\u011fle namaz\u0131n\u0131 m\u00fcteakip \u00e7ukurk\u00f6y mahallesi mezarl\u0131\u011f\u0131na defnedilecektir. Merhuma Allah\u2019tan rahmet ailesine ve yak\u0131nlar\u0131na ba\u015fsa\u011fl\u0131\u011f\u0131 dileriz.<\/p>\n","protected":false},"author":5,"featured_media":0,"comment_status":"closed","ping_status":"","sticky":false,"template":"","format":"standard","meta":[],"categories":[2],"tags":[],"_links":{"self":[{"href":"http:\/\/ilan.tavsanli.bel.tr\/index.php\/wp-json\/wp\/v2\/posts\/4920"}],"collection":[{"href":"http:\/\/ilan.tavsanli.bel.tr\/index.php\/wp-json\/wp\/v2\/posts"}],"about":[{"href":"http:\/\/ilan.tavsanli.bel.tr\/index.php\/wp-json\/wp\/v2\/types\/post"}],"author":[{"embeddable":true,"href":"http:\/\/ilan.tavsanli.bel.tr\/index.php\/wp-json\/wp\/v2\/users\/5"}],"replies":[{"embeddable":true,"href":"http:\/\/ilan.tavsanli.bel.tr\/index.php\/wp-json\/wp\/v2\/comments?post=4920"}],"version-history":[{"count":1,"href":"http:\/\/ilan.tavsanli.bel.tr\/index.php\/wp-json\/wp\/v2\/posts\/4920\/revisions"}],"predecessor-version":[{"id":4921,"href":"http:\/\/ilan.tavsanli.bel.tr\/index.php\/wp-json\/wp\/v2\/posts\/4920\/revisions\/4921"}],"wp:attachment":[{"href":"http:\/\/ilan.tavsanli.bel.tr\/index.php\/wp-json\/wp\/v2\/media?parent=4920"}],"wp:term":[{"taxonomy":"category","embeddable":true,"href":"http:\/\/ilan.tavsanli.bel.tr\/index.php\/wp-json\/wp\/v2\/categories?post=4920"},{"taxonomy":"post_tag","embeddable":true,"href":"http:\/\/ilan.tavsanli.bel.tr\/index.php\/wp-json\/wp\/v2\/tags?post=4920"}],"curies":[{"name":"wp","href":"https:\/\/api.w.org\/{rel}","templated":true}]}}