{"id":491,"date":"2021-01-03T08:17:13","date_gmt":"2021-01-03T08:17:13","guid":{"rendered":"http:\/\/ilan.tavsanli.bel.tr\/?p=491"},"modified":"2021-01-03T08:17:13","modified_gmt":"2021-01-03T08:17:13","slug":"491","status":"publish","type":"post","link":"http:\/\/ilan.tavsanli.bel.tr\/index.php\/2021\/01\/03\/491\/","title":{"rendered":""},"content":{"rendered":"\n<p>Duda\u015f k\u00f6y\u00fcnden, merhum Mehmet Ba\u015ft\u00fcrk&#8217;\u00fcn e\u015fi, merhum Ahmet ve S\u00fcleyman Ba\u015ft\u00fcrk&#8217;\u00fcn anneleri, H\u00fcseyin G\u00fcne\u015f ve Mustafa Duysak&#8217;\u0131n kay\u0131nvalidesi AY\u015eE BA\u015eT\u00dcRK vefat etmi\u015ftir. Cenazesi saat:12:00&#8217;de Duda\u015f k\u00f6y\u00fc mezarl\u0131\u011f\u0131na defnedilecektir. Merhumeye Allah\u2019tan rahmet, ailesi ve yak\u0131nlar\u0131na ba\u015fsa\u011fl\u0131\u011f\u0131 dileriz.<\/p>\n","protected":false},"excerpt":{"rendered":"<p>Duda\u015f k\u00f6y\u00fcnden, merhum Mehmet Ba\u015ft\u00fcrk&#8217;\u00fcn e\u015fi, merhum Ahmet ve S\u00fcleyman Ba\u015ft\u00fcrk&#8217;\u00fcn anneleri, H\u00fcseyin G\u00fcne\u015f ve Mustafa Duysak&#8217;\u0131n kay\u0131nvalidesi AY\u015eE BA\u015eT\u00dcRK vefat etmi\u015ftir. Cenazesi saat:12:00&#8217;de Duda\u015f k\u00f6y\u00fc mezarl\u0131\u011f\u0131na defnedilecektir. Merhumeye Allah\u2019tan rahmet, ailesi ve yak\u0131nlar\u0131na ba\u015fsa\u011fl\u0131\u011f\u0131 dileriz.<\/p>\n","protected":false},"author":4,"featured_media":0,"comment_status":"closed","ping_status":"","sticky":false,"template":"","format":"standard","meta":[],"categories":[2],"tags":[],"_links":{"self":[{"href":"http:\/\/ilan.tavsanli.bel.tr\/index.php\/wp-json\/wp\/v2\/posts\/491"}],"collection":[{"href":"http:\/\/ilan.tavsanli.bel.tr\/index.php\/wp-json\/wp\/v2\/posts"}],"about":[{"href":"http:\/\/ilan.tavsanli.bel.tr\/index.php\/wp-json\/wp\/v2\/types\/post"}],"author":[{"embeddable":true,"href":"http:\/\/ilan.tavsanli.bel.tr\/index.php\/wp-json\/wp\/v2\/users\/4"}],"replies":[{"embeddable":true,"href":"http:\/\/ilan.tavsanli.bel.tr\/index.php\/wp-json\/wp\/v2\/comments?post=491"}],"version-history":[{"count":1,"href":"http:\/\/ilan.tavsanli.bel.tr\/index.php\/wp-json\/wp\/v2\/posts\/491\/revisions"}],"predecessor-version":[{"id":492,"href":"http:\/\/ilan.tavsanli.bel.tr\/index.php\/wp-json\/wp\/v2\/posts\/491\/revisions\/492"}],"wp:attachment":[{"href":"http:\/\/ilan.tavsanli.bel.tr\/index.php\/wp-json\/wp\/v2\/media?parent=491"}],"wp:term":[{"taxonomy":"category","embeddable":true,"href":"http:\/\/ilan.tavsanli.bel.tr\/index.php\/wp-json\/wp\/v2\/categories?post=491"},{"taxonomy":"post_tag","embeddable":true,"href":"http:\/\/ilan.tavsanli.bel.tr\/index.php\/wp-json\/wp\/v2\/tags?post=491"}],"curies":[{"name":"wp","href":"https:\/\/api.w.org\/{rel}","templated":true}]}}