{"id":4903,"date":"2023-03-10T08:08:47","date_gmt":"2023-03-10T08:08:47","guid":{"rendered":"http:\/\/ilan.tavsanli.bel.tr\/?p=4903"},"modified":"2023-03-10T08:08:47","modified_gmt":"2023-03-10T08:08:47","slug":"4903","status":"publish","type":"post","link":"http:\/\/ilan.tavsanli.bel.tr\/index.php\/2023\/03\/10\/4903\/","title":{"rendered":""},"content":{"rendered":"\n<p>Mustafa ve merhum Cengiz Ko\u00e7er\u2019in babalar\u0131, Zekeriya Ba\u015fl\u0131\u2019n\u0131n kay\u0131npederi, G.L.\u0130 emekli i\u015f\u00e7ilerinden MEHMET KO\u00c7ER vefat etmi\u015ftir. Cenazesi Cuma namaz\u0131n\u0131 m\u00fcteakip G\u00fcra\u011fa\u00e7 \u00c7\u0131narl\u0131 mezarl\u0131\u011f\u0131na defnedilecektir. Merhuma Allah\u2019tan rahmet ailesine ve yak\u0131nlar\u0131na ba\u015fsa\u011fl\u0131\u011f\u0131 dileriz.<\/p>\n","protected":false},"excerpt":{"rendered":"<p>Mustafa ve merhum Cengiz Ko\u00e7er\u2019in babalar\u0131, Zekeriya Ba\u015fl\u0131\u2019n\u0131n kay\u0131npederi, G.L.\u0130 emekli i\u015f\u00e7ilerinden MEHMET KO\u00c7ER vefat etmi\u015ftir. Cenazesi Cuma namaz\u0131n\u0131 m\u00fcteakip G\u00fcra\u011fa\u00e7 \u00c7\u0131narl\u0131 mezarl\u0131\u011f\u0131na defnedilecektir. Merhuma Allah\u2019tan rahmet ailesine ve yak\u0131nlar\u0131na ba\u015fsa\u011fl\u0131\u011f\u0131 dileriz.<\/p>\n","protected":false},"author":5,"featured_media":0,"comment_status":"closed","ping_status":"","sticky":false,"template":"","format":"standard","meta":[],"categories":[2],"tags":[],"_links":{"self":[{"href":"http:\/\/ilan.tavsanli.bel.tr\/index.php\/wp-json\/wp\/v2\/posts\/4903"}],"collection":[{"href":"http:\/\/ilan.tavsanli.bel.tr\/index.php\/wp-json\/wp\/v2\/posts"}],"about":[{"href":"http:\/\/ilan.tavsanli.bel.tr\/index.php\/wp-json\/wp\/v2\/types\/post"}],"author":[{"embeddable":true,"href":"http:\/\/ilan.tavsanli.bel.tr\/index.php\/wp-json\/wp\/v2\/users\/5"}],"replies":[{"embeddable":true,"href":"http:\/\/ilan.tavsanli.bel.tr\/index.php\/wp-json\/wp\/v2\/comments?post=4903"}],"version-history":[{"count":1,"href":"http:\/\/ilan.tavsanli.bel.tr\/index.php\/wp-json\/wp\/v2\/posts\/4903\/revisions"}],"predecessor-version":[{"id":4904,"href":"http:\/\/ilan.tavsanli.bel.tr\/index.php\/wp-json\/wp\/v2\/posts\/4903\/revisions\/4904"}],"wp:attachment":[{"href":"http:\/\/ilan.tavsanli.bel.tr\/index.php\/wp-json\/wp\/v2\/media?parent=4903"}],"wp:term":[{"taxonomy":"category","embeddable":true,"href":"http:\/\/ilan.tavsanli.bel.tr\/index.php\/wp-json\/wp\/v2\/categories?post=4903"},{"taxonomy":"post_tag","embeddable":true,"href":"http:\/\/ilan.tavsanli.bel.tr\/index.php\/wp-json\/wp\/v2\/tags?post=4903"}],"curies":[{"name":"wp","href":"https:\/\/api.w.org\/{rel}","templated":true}]}}