{"id":4874,"date":"2023-03-06T11:14:10","date_gmt":"2023-03-06T11:14:10","guid":{"rendered":"http:\/\/ilan.tavsanli.bel.tr\/?p=4874"},"modified":"2023-03-06T11:14:10","modified_gmt":"2023-03-06T11:14:10","slug":"4874","status":"publish","type":"post","link":"http:\/\/ilan.tavsanli.bel.tr\/index.php\/2023\/03\/06\/4874\/","title":{"rendered":""},"content":{"rendered":"\n<p>S\u00fclye k\u00f6y\u00fcnden merhum Mustafa Uyan\u0131k\u2019\u0131n o\u011flu, Mustafa, Saim ve Kadir Uyan\u0131k\u2019\u0131n babalar\u0131, Sedat Erg\u00fcn, Murat Mert ve merhum Adem Tokcan\u2019\u0131n kay\u0131npederi, hac\u0131 OSMAN UYANIK vefat etmi\u015ftir. Cenazesi Mevlana camisinde k\u0131l\u0131nacak ikindi namaz\u0131n\u0131 m\u00fcteakip tav\u015fanl\u0131 mezarl\u0131\u011f\u0131na defnedilecektir. Merhuma Allah\u2019tan rahmet ailesine ve yak\u0131nlar\u0131na ba\u015fsa\u011fl\u0131\u011f\u0131 dileriz.<\/p>\n","protected":false},"excerpt":{"rendered":"<p>S\u00fclye k\u00f6y\u00fcnden merhum Mustafa Uyan\u0131k\u2019\u0131n o\u011flu, Mustafa, Saim ve Kadir Uyan\u0131k\u2019\u0131n babalar\u0131, Sedat Erg\u00fcn, Murat Mert ve merhum Adem Tokcan\u2019\u0131n kay\u0131npederi, hac\u0131 OSMAN UYANIK vefat etmi\u015ftir. Cenazesi Mevlana camisinde k\u0131l\u0131nacak ikindi namaz\u0131n\u0131 m\u00fcteakip tav\u015fanl\u0131 mezarl\u0131\u011f\u0131na defnedilecektir. Merhuma Allah\u2019tan rahmet ailesine ve yak\u0131nlar\u0131na ba\u015fsa\u011fl\u0131\u011f\u0131 dileriz.<\/p>\n","protected":false},"author":5,"featured_media":0,"comment_status":"closed","ping_status":"","sticky":false,"template":"","format":"standard","meta":[],"categories":[2],"tags":[],"_links":{"self":[{"href":"http:\/\/ilan.tavsanli.bel.tr\/index.php\/wp-json\/wp\/v2\/posts\/4874"}],"collection":[{"href":"http:\/\/ilan.tavsanli.bel.tr\/index.php\/wp-json\/wp\/v2\/posts"}],"about":[{"href":"http:\/\/ilan.tavsanli.bel.tr\/index.php\/wp-json\/wp\/v2\/types\/post"}],"author":[{"embeddable":true,"href":"http:\/\/ilan.tavsanli.bel.tr\/index.php\/wp-json\/wp\/v2\/users\/5"}],"replies":[{"embeddable":true,"href":"http:\/\/ilan.tavsanli.bel.tr\/index.php\/wp-json\/wp\/v2\/comments?post=4874"}],"version-history":[{"count":1,"href":"http:\/\/ilan.tavsanli.bel.tr\/index.php\/wp-json\/wp\/v2\/posts\/4874\/revisions"}],"predecessor-version":[{"id":4875,"href":"http:\/\/ilan.tavsanli.bel.tr\/index.php\/wp-json\/wp\/v2\/posts\/4874\/revisions\/4875"}],"wp:attachment":[{"href":"http:\/\/ilan.tavsanli.bel.tr\/index.php\/wp-json\/wp\/v2\/media?parent=4874"}],"wp:term":[{"taxonomy":"category","embeddable":true,"href":"http:\/\/ilan.tavsanli.bel.tr\/index.php\/wp-json\/wp\/v2\/categories?post=4874"},{"taxonomy":"post_tag","embeddable":true,"href":"http:\/\/ilan.tavsanli.bel.tr\/index.php\/wp-json\/wp\/v2\/tags?post=4874"}],"curies":[{"name":"wp","href":"https:\/\/api.w.org\/{rel}","templated":true}]}}