{"id":4866,"date":"2023-03-05T11:09:53","date_gmt":"2023-03-05T11:09:53","guid":{"rendered":"http:\/\/ilan.tavsanli.bel.tr\/?p=4866"},"modified":"2023-03-05T11:09:53","modified_gmt":"2023-03-05T11:09:53","slug":"4866","status":"publish","type":"post","link":"http:\/\/ilan.tavsanli.bel.tr\/index.php\/2023\/03\/05\/4866\/","title":{"rendered":""},"content":{"rendered":"\n<p>Moymul mahallesinden merhum hac\u0131 \u0130smail G\u00fcne\u015f&#8217;in o\u011flu, curamanlar\u0131n merhum hac\u0131 Mehmet Demir&#8217;in damad\u0131, \u0130smail ve Serhat G\u00fcne\u015f&#8217;in babalar\u0131, Bir\u015fen G\u00fcne\u015f&#8217;in e\u015fi, Tun\u00e7bilek termik santrali emekli ustaba\u015flar\u0131ndan HASAN G\u00dcNE\u015e vefat etmi\u015ftir. Cenazesi moymul yukar\u0131 camisinde k\u0131l\u0131nacak ikindi namaz\u0131n\u0131 m\u00fcteakip moymul mahallesi mezarl\u0131\u011f\u0131na defnedilecektir. Merhuma Allah&#8217;tan rahmet ailesi ve yak\u0131nlar\u0131na ba\u015f sa\u011fl\u0131\u011f\u0131 dileriz.<br><\/p>\n","protected":false},"excerpt":{"rendered":"<p>Moymul mahallesinden merhum hac\u0131 \u0130smail G\u00fcne\u015f&#8217;in o\u011flu, curamanlar\u0131n merhum hac\u0131 Mehmet Demir&#8217;in damad\u0131, \u0130smail ve Serhat G\u00fcne\u015f&#8217;in babalar\u0131, Bir\u015fen G\u00fcne\u015f&#8217;in e\u015fi, Tun\u00e7bilek termik santrali emekli ustaba\u015flar\u0131ndan HASAN G\u00dcNE\u015e vefat etmi\u015ftir. Cenazesi moymul yukar\u0131 camisinde k\u0131l\u0131nacak ikindi namaz\u0131n\u0131 m\u00fcteakip moymul mahallesi mezarl\u0131\u011f\u0131na defnedilecektir. Merhuma Allah&#8217;tan rahmet ailesi ve yak\u0131nlar\u0131na ba\u015f sa\u011fl\u0131\u011f\u0131 dileriz.<\/p>\n","protected":false},"author":5,"featured_media":0,"comment_status":"closed","ping_status":"","sticky":false,"template":"","format":"standard","meta":[],"categories":[2],"tags":[],"_links":{"self":[{"href":"http:\/\/ilan.tavsanli.bel.tr\/index.php\/wp-json\/wp\/v2\/posts\/4866"}],"collection":[{"href":"http:\/\/ilan.tavsanli.bel.tr\/index.php\/wp-json\/wp\/v2\/posts"}],"about":[{"href":"http:\/\/ilan.tavsanli.bel.tr\/index.php\/wp-json\/wp\/v2\/types\/post"}],"author":[{"embeddable":true,"href":"http:\/\/ilan.tavsanli.bel.tr\/index.php\/wp-json\/wp\/v2\/users\/5"}],"replies":[{"embeddable":true,"href":"http:\/\/ilan.tavsanli.bel.tr\/index.php\/wp-json\/wp\/v2\/comments?post=4866"}],"version-history":[{"count":1,"href":"http:\/\/ilan.tavsanli.bel.tr\/index.php\/wp-json\/wp\/v2\/posts\/4866\/revisions"}],"predecessor-version":[{"id":4867,"href":"http:\/\/ilan.tavsanli.bel.tr\/index.php\/wp-json\/wp\/v2\/posts\/4866\/revisions\/4867"}],"wp:attachment":[{"href":"http:\/\/ilan.tavsanli.bel.tr\/index.php\/wp-json\/wp\/v2\/media?parent=4866"}],"wp:term":[{"taxonomy":"category","embeddable":true,"href":"http:\/\/ilan.tavsanli.bel.tr\/index.php\/wp-json\/wp\/v2\/categories?post=4866"},{"taxonomy":"post_tag","embeddable":true,"href":"http:\/\/ilan.tavsanli.bel.tr\/index.php\/wp-json\/wp\/v2\/tags?post=4866"}],"curies":[{"name":"wp","href":"https:\/\/api.w.org\/{rel}","templated":true}]}}