{"id":484,"date":"2020-12-31T10:19:43","date_gmt":"2020-12-31T10:19:43","guid":{"rendered":"http:\/\/ilan.tavsanli.bel.tr\/?p=484"},"modified":"2020-12-31T13:01:43","modified_gmt":"2020-12-31T13:01:43","slug":"484","status":"publish","type":"post","link":"http:\/\/ilan.tavsanli.bel.tr\/index.php\/2020\/12\/31\/484\/","title":{"rendered":""},"content":{"rendered":"\n<p>Beyk\u00f6y mahallesinden Hac\u0131 Cevdet \u00c7ak\u0131r\u2019\u0131n e\u015fi L\u00fctfi \u00c7ak\u0131r\u2019\u0131n annesi, Mehmet \u00d6zsar\u0131\u2019n\u0131n kay\u0131nvalidesi, Ahmet G\u00fcng\u00f6r\u2019\u00fcn ablas\u0131 Cevdet \u00c7ak\u0131r, \u015eeyma Yafay ve Ceren \u00c7ak\u0131r\u2019\u0131n B\u00fcy\u00fckannesi HACER \u00c7AKIR vefat etmi\u015ftir. Cenazesi Saat:12 de Beyk\u00f6y mahalle mezarl\u0131\u011f\u0131na defnedilecektir. Merhumeye Allah\u2019tan rahmet, ailesi ve yak\u0131nlar\u0131na ba\u015fsa\u011fl\u0131\u011f\u0131 dileriz.<\/p>\n","protected":false},"excerpt":{"rendered":"<p>Beyk\u00f6y mahallesinden Hac\u0131 Cevdet \u00c7ak\u0131r\u2019\u0131n e\u015fi L\u00fctfi \u00c7ak\u0131r\u2019\u0131n annesi, Mehmet \u00d6zsar\u0131\u2019n\u0131n kay\u0131nvalidesi, Ahmet G\u00fcng\u00f6r\u2019\u00fcn ablas\u0131 Cevdet \u00c7ak\u0131r, \u015eeyma Yafay ve Ceren \u00c7ak\u0131r\u2019\u0131n B\u00fcy\u00fckannesi HACER \u00c7AKIR vefat etmi\u015ftir. Cenazesi Saat:12 de Beyk\u00f6y mahalle mezarl\u0131\u011f\u0131na defnedilecektir. Merhumeye Allah\u2019tan rahmet, ailesi ve yak\u0131nlar\u0131na ba\u015fsa\u011fl\u0131\u011f\u0131 dileriz.<\/p>\n","protected":false},"author":4,"featured_media":0,"comment_status":"closed","ping_status":"","sticky":false,"template":"","format":"standard","meta":[],"categories":[2],"tags":[],"_links":{"self":[{"href":"http:\/\/ilan.tavsanli.bel.tr\/index.php\/wp-json\/wp\/v2\/posts\/484"}],"collection":[{"href":"http:\/\/ilan.tavsanli.bel.tr\/index.php\/wp-json\/wp\/v2\/posts"}],"about":[{"href":"http:\/\/ilan.tavsanli.bel.tr\/index.php\/wp-json\/wp\/v2\/types\/post"}],"author":[{"embeddable":true,"href":"http:\/\/ilan.tavsanli.bel.tr\/index.php\/wp-json\/wp\/v2\/users\/4"}],"replies":[{"embeddable":true,"href":"http:\/\/ilan.tavsanli.bel.tr\/index.php\/wp-json\/wp\/v2\/comments?post=484"}],"version-history":[{"count":1,"href":"http:\/\/ilan.tavsanli.bel.tr\/index.php\/wp-json\/wp\/v2\/posts\/484\/revisions"}],"predecessor-version":[{"id":485,"href":"http:\/\/ilan.tavsanli.bel.tr\/index.php\/wp-json\/wp\/v2\/posts\/484\/revisions\/485"}],"wp:attachment":[{"href":"http:\/\/ilan.tavsanli.bel.tr\/index.php\/wp-json\/wp\/v2\/media?parent=484"}],"wp:term":[{"taxonomy":"category","embeddable":true,"href":"http:\/\/ilan.tavsanli.bel.tr\/index.php\/wp-json\/wp\/v2\/categories?post=484"},{"taxonomy":"post_tag","embeddable":true,"href":"http:\/\/ilan.tavsanli.bel.tr\/index.php\/wp-json\/wp\/v2\/tags?post=484"}],"curies":[{"name":"wp","href":"https:\/\/api.w.org\/{rel}","templated":true}]}}