{"id":4823,"date":"2023-02-27T11:08:28","date_gmt":"2023-02-27T11:08:28","guid":{"rendered":"http:\/\/ilan.tavsanli.bel.tr\/?p=4823"},"modified":"2023-02-27T11:08:28","modified_gmt":"2023-02-27T11:08:28","slug":"4823","status":"publish","type":"post","link":"http:\/\/ilan.tavsanli.bel.tr\/index.php\/2023\/02\/27\/4823\/","title":{"rendered":""},"content":{"rendered":"\n<p><strong>Hisarc\u0131k yukar\u0131 yoncaa\u011fa\u00e7 k\u00f6y\u00fcnden Esma Tosun\u2019un e\u015fi, H\u00fcseyin ve Fatih Tosun\u2019un babalar\u0131 G.L.\u0130 in\u015faat servisi emeklisi HAL\u0130L \u0130BRAH\u0130M TOSUN \u00a0vefat etmi\u015ftir. Cenazesi ikindi \u00a0namaz\u0131n\u0131 m\u00fcteakip Hisarc\u0131k yukar\u0131 yoncaa\u011fa\u00e7 k\u00f6y\u00fc mezarl\u0131\u011f\u0131na defnedilecektir. Merhuma Allah\u2019tan rahmet ailesine ve yak\u0131nlar\u0131na ba\u015fsa\u011fl\u0131\u011f\u0131 dileriz.<\/strong><\/p>\n","protected":false},"excerpt":{"rendered":"<p>Hisarc\u0131k yukar\u0131 yoncaa\u011fa\u00e7 k\u00f6y\u00fcnden Esma Tosun\u2019un e\u015fi, H\u00fcseyin ve Fatih Tosun\u2019un babalar\u0131 G.L.\u0130 in\u015faat servisi emeklisi HAL\u0130L \u0130BRAH\u0130M TOSUN \u00a0vefat etmi\u015ftir. Cenazesi ikindi \u00a0namaz\u0131n\u0131 m\u00fcteakip Hisarc\u0131k yukar\u0131 yoncaa\u011fa\u00e7 k\u00f6y\u00fc mezarl\u0131\u011f\u0131na defnedilecektir. Merhuma Allah\u2019tan rahmet ailesine ve yak\u0131nlar\u0131na ba\u015fsa\u011fl\u0131\u011f\u0131 dileriz.<\/p>\n","protected":false},"author":5,"featured_media":0,"comment_status":"closed","ping_status":"","sticky":false,"template":"","format":"standard","meta":[],"categories":[2],"tags":[],"_links":{"self":[{"href":"http:\/\/ilan.tavsanli.bel.tr\/index.php\/wp-json\/wp\/v2\/posts\/4823"}],"collection":[{"href":"http:\/\/ilan.tavsanli.bel.tr\/index.php\/wp-json\/wp\/v2\/posts"}],"about":[{"href":"http:\/\/ilan.tavsanli.bel.tr\/index.php\/wp-json\/wp\/v2\/types\/post"}],"author":[{"embeddable":true,"href":"http:\/\/ilan.tavsanli.bel.tr\/index.php\/wp-json\/wp\/v2\/users\/5"}],"replies":[{"embeddable":true,"href":"http:\/\/ilan.tavsanli.bel.tr\/index.php\/wp-json\/wp\/v2\/comments?post=4823"}],"version-history":[{"count":1,"href":"http:\/\/ilan.tavsanli.bel.tr\/index.php\/wp-json\/wp\/v2\/posts\/4823\/revisions"}],"predecessor-version":[{"id":4824,"href":"http:\/\/ilan.tavsanli.bel.tr\/index.php\/wp-json\/wp\/v2\/posts\/4823\/revisions\/4824"}],"wp:attachment":[{"href":"http:\/\/ilan.tavsanli.bel.tr\/index.php\/wp-json\/wp\/v2\/media?parent=4823"}],"wp:term":[{"taxonomy":"category","embeddable":true,"href":"http:\/\/ilan.tavsanli.bel.tr\/index.php\/wp-json\/wp\/v2\/categories?post=4823"},{"taxonomy":"post_tag","embeddable":true,"href":"http:\/\/ilan.tavsanli.bel.tr\/index.php\/wp-json\/wp\/v2\/tags?post=4823"}],"curies":[{"name":"wp","href":"https:\/\/api.w.org\/{rel}","templated":true}]}}