{"id":4703,"date":"2023-02-02T08:13:41","date_gmt":"2023-02-02T08:13:41","guid":{"rendered":"http:\/\/ilan.tavsanli.bel.tr\/?p=4703"},"modified":"2023-02-02T08:13:41","modified_gmt":"2023-02-02T08:13:41","slug":"4703","status":"publish","type":"post","link":"http:\/\/ilan.tavsanli.bel.tr\/index.php\/2023\/02\/02\/4703\/","title":{"rendered":""},"content":{"rendered":"\n<p><strong>\u015eapc\u0131 k\u00f6y\u00fcnden merhum Ramazan \u00d6zt\u00fcrk\u2019\u00fcn e\u015fi, Ahmet \u00d6zt\u00fcrk\u2019\u00fcn Annesi, H\u00fcseyin Ya\u015far ve Cemalettin Uslu\u2019nun kay\u0131nvalidesi, SEV\u0130L \u00d6ZT\u00dcRK vefat etmi\u015ftir. Cenazesi \u00f6\u011fle namaz\u0131n\u0131 m\u00fcteakip \u015fapc\u0131 k\u00f6y\u00fc mezarl\u0131\u011f\u0131na defnedilecektir. Merhumeye Allah&#8217;tan rahmet ailesi ve yak\u0131nlar\u0131na ba\u015f sa\u011fl\u0131\u011f\u0131 dileriz.<\/strong><\/p>\n","protected":false},"excerpt":{"rendered":"<p>\u015eapc\u0131 k\u00f6y\u00fcnden merhum Ramazan \u00d6zt\u00fcrk\u2019\u00fcn e\u015fi, Ahmet \u00d6zt\u00fcrk\u2019\u00fcn Annesi, H\u00fcseyin Ya\u015far ve Cemalettin Uslu\u2019nun kay\u0131nvalidesi, SEV\u0130L \u00d6ZT\u00dcRK vefat etmi\u015ftir. Cenazesi \u00f6\u011fle namaz\u0131n\u0131 m\u00fcteakip \u015fapc\u0131 k\u00f6y\u00fc mezarl\u0131\u011f\u0131na defnedilecektir. Merhumeye Allah&#8217;tan rahmet ailesi ve yak\u0131nlar\u0131na ba\u015f sa\u011fl\u0131\u011f\u0131 dileriz.<\/p>\n","protected":false},"author":5,"featured_media":0,"comment_status":"closed","ping_status":"","sticky":false,"template":"","format":"standard","meta":[],"categories":[2],"tags":[],"_links":{"self":[{"href":"http:\/\/ilan.tavsanli.bel.tr\/index.php\/wp-json\/wp\/v2\/posts\/4703"}],"collection":[{"href":"http:\/\/ilan.tavsanli.bel.tr\/index.php\/wp-json\/wp\/v2\/posts"}],"about":[{"href":"http:\/\/ilan.tavsanli.bel.tr\/index.php\/wp-json\/wp\/v2\/types\/post"}],"author":[{"embeddable":true,"href":"http:\/\/ilan.tavsanli.bel.tr\/index.php\/wp-json\/wp\/v2\/users\/5"}],"replies":[{"embeddable":true,"href":"http:\/\/ilan.tavsanli.bel.tr\/index.php\/wp-json\/wp\/v2\/comments?post=4703"}],"version-history":[{"count":1,"href":"http:\/\/ilan.tavsanli.bel.tr\/index.php\/wp-json\/wp\/v2\/posts\/4703\/revisions"}],"predecessor-version":[{"id":4704,"href":"http:\/\/ilan.tavsanli.bel.tr\/index.php\/wp-json\/wp\/v2\/posts\/4703\/revisions\/4704"}],"wp:attachment":[{"href":"http:\/\/ilan.tavsanli.bel.tr\/index.php\/wp-json\/wp\/v2\/media?parent=4703"}],"wp:term":[{"taxonomy":"category","embeddable":true,"href":"http:\/\/ilan.tavsanli.bel.tr\/index.php\/wp-json\/wp\/v2\/categories?post=4703"},{"taxonomy":"post_tag","embeddable":true,"href":"http:\/\/ilan.tavsanli.bel.tr\/index.php\/wp-json\/wp\/v2\/tags?post=4703"}],"curies":[{"name":"wp","href":"https:\/\/api.w.org\/{rel}","templated":true}]}}