{"id":470,"date":"2020-12-29T08:29:55","date_gmt":"2020-12-29T08:29:55","guid":{"rendered":"http:\/\/ilan.tavsanli.bel.tr\/?p=470"},"modified":"2020-12-29T08:29:55","modified_gmt":"2020-12-29T08:29:55","slug":"470","status":"publish","type":"post","link":"http:\/\/ilan.tavsanli.bel.tr\/index.php\/2020\/12\/29\/470\/","title":{"rendered":""},"content":{"rendered":"\n<p>\u00c7ak\u0131ll\u0131 k\u00f6y\u00fcnden merhum Neslihan Bahad\u0131r\u2019\u0131n e\u015fi Sait, Musa, Recep, Emine ve Fatma Bahad\u0131r\u2019\u0131n babalar\u0131 \u015eevket Y\u00fcksek ve Musa Bahad\u0131r\u2019\u0131n kay\u0131npederi MEHMET EM\u0130N BAHADIR vefat etmi\u015ftir. Cenazesi Saat: 12.00 de Tav\u015fanl\u0131 mezarl\u0131\u011f\u0131na defnedilecektir. Merhuma Allah\u2019tan rahmet, ailesi ve yak\u0131nlar\u0131na ba\u015fsa\u011fl\u0131\u011f\u0131 dileriz.<\/p>\n","protected":false},"excerpt":{"rendered":"<p>\u00c7ak\u0131ll\u0131 k\u00f6y\u00fcnden merhum Neslihan Bahad\u0131r\u2019\u0131n e\u015fi Sait, Musa, Recep, Emine ve Fatma Bahad\u0131r\u2019\u0131n babalar\u0131 \u015eevket Y\u00fcksek ve Musa Bahad\u0131r\u2019\u0131n kay\u0131npederi MEHMET EM\u0130N BAHADIR vefat etmi\u015ftir. Cenazesi Saat: 12.00 de Tav\u015fanl\u0131 mezarl\u0131\u011f\u0131na defnedilecektir. Merhuma Allah\u2019tan rahmet, ailesi ve yak\u0131nlar\u0131na ba\u015fsa\u011fl\u0131\u011f\u0131 dileriz.<\/p>\n","protected":false},"author":4,"featured_media":0,"comment_status":"closed","ping_status":"","sticky":false,"template":"","format":"standard","meta":[],"categories":[2],"tags":[],"_links":{"self":[{"href":"http:\/\/ilan.tavsanli.bel.tr\/index.php\/wp-json\/wp\/v2\/posts\/470"}],"collection":[{"href":"http:\/\/ilan.tavsanli.bel.tr\/index.php\/wp-json\/wp\/v2\/posts"}],"about":[{"href":"http:\/\/ilan.tavsanli.bel.tr\/index.php\/wp-json\/wp\/v2\/types\/post"}],"author":[{"embeddable":true,"href":"http:\/\/ilan.tavsanli.bel.tr\/index.php\/wp-json\/wp\/v2\/users\/4"}],"replies":[{"embeddable":true,"href":"http:\/\/ilan.tavsanli.bel.tr\/index.php\/wp-json\/wp\/v2\/comments?post=470"}],"version-history":[{"count":1,"href":"http:\/\/ilan.tavsanli.bel.tr\/index.php\/wp-json\/wp\/v2\/posts\/470\/revisions"}],"predecessor-version":[{"id":471,"href":"http:\/\/ilan.tavsanli.bel.tr\/index.php\/wp-json\/wp\/v2\/posts\/470\/revisions\/471"}],"wp:attachment":[{"href":"http:\/\/ilan.tavsanli.bel.tr\/index.php\/wp-json\/wp\/v2\/media?parent=470"}],"wp:term":[{"taxonomy":"category","embeddable":true,"href":"http:\/\/ilan.tavsanli.bel.tr\/index.php\/wp-json\/wp\/v2\/categories?post=470"},{"taxonomy":"post_tag","embeddable":true,"href":"http:\/\/ilan.tavsanli.bel.tr\/index.php\/wp-json\/wp\/v2\/tags?post=470"}],"curies":[{"name":"wp","href":"https:\/\/api.w.org\/{rel}","templated":true}]}}