{"id":4496,"date":"2022-12-30T08:21:20","date_gmt":"2022-12-30T08:21:20","guid":{"rendered":"http:\/\/ilan.tavsanli.bel.tr\/?p=4496"},"modified":"2022-12-30T08:21:20","modified_gmt":"2022-12-30T08:21:20","slug":"4496","status":"publish","type":"post","link":"http:\/\/ilan.tavsanli.bel.tr\/index.php\/2022\/12\/30\/4496\/","title":{"rendered":""},"content":{"rendered":"\n<p><strong>Emet Ayanc\u0131k k\u00f6y\u00fcnden Fatma Ko\u00e7\u2019un e\u015fi, Ali Ko\u00e7\u2019un babas\u0131, Orhan Yan\u0131k ve M\u00fcsl\u00fcm \u015een\u2019in kay\u0131npederi, G.L.\u0130 emekli i\u015f\u00e7ilerinden K\u00f6m\u00fcr \u0130SMA\u0130L KO\u00c7 vefat etmi\u015ftir. Cenazesi Mevlana camisinde k\u0131l\u0131nacak cuma namaz\u0131n\u0131 m\u00fcteakip yeni yaylac\u0131k mezarl\u0131\u011f\u0131na defnedilecektir. Merhuma Allah\u2019tan rahmet ailesine ve yak\u0131nlar\u0131na ba\u015fsa\u011fl\u0131\u011f\u0131 dileriz.<\/strong><\/p>\n","protected":false},"excerpt":{"rendered":"<p>Emet Ayanc\u0131k k\u00f6y\u00fcnden Fatma Ko\u00e7\u2019un e\u015fi, Ali Ko\u00e7\u2019un babas\u0131, Orhan Yan\u0131k ve M\u00fcsl\u00fcm \u015een\u2019in kay\u0131npederi, G.L.\u0130 emekli i\u015f\u00e7ilerinden K\u00f6m\u00fcr \u0130SMA\u0130L KO\u00c7 vefat etmi\u015ftir. Cenazesi Mevlana camisinde k\u0131l\u0131nacak cuma namaz\u0131n\u0131 m\u00fcteakip yeni yaylac\u0131k mezarl\u0131\u011f\u0131na defnedilecektir. Merhuma Allah\u2019tan rahmet ailesine ve yak\u0131nlar\u0131na ba\u015fsa\u011fl\u0131\u011f\u0131 dileriz.<\/p>\n","protected":false},"author":5,"featured_media":0,"comment_status":"closed","ping_status":"","sticky":false,"template":"","format":"standard","meta":[],"categories":[2],"tags":[],"_links":{"self":[{"href":"http:\/\/ilan.tavsanli.bel.tr\/index.php\/wp-json\/wp\/v2\/posts\/4496"}],"collection":[{"href":"http:\/\/ilan.tavsanli.bel.tr\/index.php\/wp-json\/wp\/v2\/posts"}],"about":[{"href":"http:\/\/ilan.tavsanli.bel.tr\/index.php\/wp-json\/wp\/v2\/types\/post"}],"author":[{"embeddable":true,"href":"http:\/\/ilan.tavsanli.bel.tr\/index.php\/wp-json\/wp\/v2\/users\/5"}],"replies":[{"embeddable":true,"href":"http:\/\/ilan.tavsanli.bel.tr\/index.php\/wp-json\/wp\/v2\/comments?post=4496"}],"version-history":[{"count":1,"href":"http:\/\/ilan.tavsanli.bel.tr\/index.php\/wp-json\/wp\/v2\/posts\/4496\/revisions"}],"predecessor-version":[{"id":4497,"href":"http:\/\/ilan.tavsanli.bel.tr\/index.php\/wp-json\/wp\/v2\/posts\/4496\/revisions\/4497"}],"wp:attachment":[{"href":"http:\/\/ilan.tavsanli.bel.tr\/index.php\/wp-json\/wp\/v2\/media?parent=4496"}],"wp:term":[{"taxonomy":"category","embeddable":true,"href":"http:\/\/ilan.tavsanli.bel.tr\/index.php\/wp-json\/wp\/v2\/categories?post=4496"},{"taxonomy":"post_tag","embeddable":true,"href":"http:\/\/ilan.tavsanli.bel.tr\/index.php\/wp-json\/wp\/v2\/tags?post=4496"}],"curies":[{"name":"wp","href":"https:\/\/api.w.org\/{rel}","templated":true}]}}