{"id":4489,"date":"2022-12-27T08:07:53","date_gmt":"2022-12-27T08:07:53","guid":{"rendered":"http:\/\/ilan.tavsanli.bel.tr\/?p=4489"},"modified":"2022-12-27T08:07:53","modified_gmt":"2022-12-27T08:07:53","slug":"4489","status":"publish","type":"post","link":"http:\/\/ilan.tavsanli.bel.tr\/index.php\/2022\/12\/27\/4489\/","title":{"rendered":""},"content":{"rendered":"\n<p>Derecik k\u00f6yden Ramazan Demirk\u0131ran\u2018\u0131n karde\u015fi, Zafer Demirk\u0131ran\u2019\u0131n babas\u0131, S\u00fcleyman Karateke\u2019nin kay\u0131npederi, \u0130SMA\u0130L DEM\u0130RKIRAN vefat etmi\u015ftir. Cenazesi  saat 11:30 da derecik k\u00f6y mezarl\u0131\u011f\u0131na defnedilecektir. Merhuma Allah\u2019tan rahmet ailesine ve yak\u0131nlar\u0131na ba\u015fsa\u011fl\u0131\u011f\u0131 dileriz.<\/p>\n","protected":false},"excerpt":{"rendered":"<p>Derecik k\u00f6yden Ramazan Demirk\u0131ran\u2018\u0131n karde\u015fi, Zafer Demirk\u0131ran\u2019\u0131n babas\u0131, S\u00fcleyman Karateke\u2019nin kay\u0131npederi, \u0130SMA\u0130L DEM\u0130RKIRAN vefat etmi\u015ftir. Cenazesi saat 11:30 da derecik k\u00f6y mezarl\u0131\u011f\u0131na defnedilecektir. Merhuma Allah\u2019tan rahmet ailesine ve yak\u0131nlar\u0131na ba\u015fsa\u011fl\u0131\u011f\u0131 dileriz.<\/p>\n","protected":false},"author":5,"featured_media":0,"comment_status":"closed","ping_status":"","sticky":false,"template":"","format":"standard","meta":[],"categories":[2],"tags":[],"_links":{"self":[{"href":"http:\/\/ilan.tavsanli.bel.tr\/index.php\/wp-json\/wp\/v2\/posts\/4489"}],"collection":[{"href":"http:\/\/ilan.tavsanli.bel.tr\/index.php\/wp-json\/wp\/v2\/posts"}],"about":[{"href":"http:\/\/ilan.tavsanli.bel.tr\/index.php\/wp-json\/wp\/v2\/types\/post"}],"author":[{"embeddable":true,"href":"http:\/\/ilan.tavsanli.bel.tr\/index.php\/wp-json\/wp\/v2\/users\/5"}],"replies":[{"embeddable":true,"href":"http:\/\/ilan.tavsanli.bel.tr\/index.php\/wp-json\/wp\/v2\/comments?post=4489"}],"version-history":[{"count":1,"href":"http:\/\/ilan.tavsanli.bel.tr\/index.php\/wp-json\/wp\/v2\/posts\/4489\/revisions"}],"predecessor-version":[{"id":4490,"href":"http:\/\/ilan.tavsanli.bel.tr\/index.php\/wp-json\/wp\/v2\/posts\/4489\/revisions\/4490"}],"wp:attachment":[{"href":"http:\/\/ilan.tavsanli.bel.tr\/index.php\/wp-json\/wp\/v2\/media?parent=4489"}],"wp:term":[{"taxonomy":"category","embeddable":true,"href":"http:\/\/ilan.tavsanli.bel.tr\/index.php\/wp-json\/wp\/v2\/categories?post=4489"},{"taxonomy":"post_tag","embeddable":true,"href":"http:\/\/ilan.tavsanli.bel.tr\/index.php\/wp-json\/wp\/v2\/tags?post=4489"}],"curies":[{"name":"wp","href":"https:\/\/api.w.org\/{rel}","templated":true}]}}