{"id":4487,"date":"2022-12-27T08:07:15","date_gmt":"2022-12-27T08:07:15","guid":{"rendered":"http:\/\/ilan.tavsanli.bel.tr\/?p=4487"},"modified":"2022-12-27T08:07:15","modified_gmt":"2022-12-27T08:07:15","slug":"4487","status":"publish","type":"post","link":"http:\/\/ilan.tavsanli.bel.tr\/index.php\/2022\/12\/27\/4487\/","title":{"rendered":""},"content":{"rendered":"\n<p>Emet Sar\u0131ayak k\u00f6y\u00fcnden Merhum Ali Osman Alt\u0131n\u2019\u0131n e\u015fi, Kaz\u0131m Alt\u0131n\u2019\u0131n annesi, Zihni G\u00fcm\u00fc\u015f\u2019\u00fcn kay\u0131nvalidesi, AY\u015eE ALTIN vefat etmi\u015ftir. Cenazesi \u00f6\u011fle namaz\u0131n\u0131 m\u00fcteakip Emet sar\u0131ayak k\u00f6y\u00fcne mezarl\u0131\u011f\u0131na defnedilecektir. Merhumeye Allah\u2019tan rahmet ailesine ve yak\u0131nlar\u0131na ba\u015fsa\u011fl\u0131\u011f\u0131 dileriz.<\/p>\n","protected":false},"excerpt":{"rendered":"<p>Emet Sar\u0131ayak k\u00f6y\u00fcnden Merhum Ali Osman Alt\u0131n\u2019\u0131n e\u015fi, Kaz\u0131m Alt\u0131n\u2019\u0131n annesi, Zihni G\u00fcm\u00fc\u015f\u2019\u00fcn kay\u0131nvalidesi, AY\u015eE ALTIN vefat etmi\u015ftir. Cenazesi \u00f6\u011fle namaz\u0131n\u0131 m\u00fcteakip Emet sar\u0131ayak k\u00f6y\u00fcne mezarl\u0131\u011f\u0131na defnedilecektir. Merhumeye Allah\u2019tan rahmet ailesine ve yak\u0131nlar\u0131na ba\u015fsa\u011fl\u0131\u011f\u0131 dileriz.<\/p>\n","protected":false},"author":5,"featured_media":0,"comment_status":"closed","ping_status":"","sticky":false,"template":"","format":"standard","meta":[],"categories":[2],"tags":[],"_links":{"self":[{"href":"http:\/\/ilan.tavsanli.bel.tr\/index.php\/wp-json\/wp\/v2\/posts\/4487"}],"collection":[{"href":"http:\/\/ilan.tavsanli.bel.tr\/index.php\/wp-json\/wp\/v2\/posts"}],"about":[{"href":"http:\/\/ilan.tavsanli.bel.tr\/index.php\/wp-json\/wp\/v2\/types\/post"}],"author":[{"embeddable":true,"href":"http:\/\/ilan.tavsanli.bel.tr\/index.php\/wp-json\/wp\/v2\/users\/5"}],"replies":[{"embeddable":true,"href":"http:\/\/ilan.tavsanli.bel.tr\/index.php\/wp-json\/wp\/v2\/comments?post=4487"}],"version-history":[{"count":1,"href":"http:\/\/ilan.tavsanli.bel.tr\/index.php\/wp-json\/wp\/v2\/posts\/4487\/revisions"}],"predecessor-version":[{"id":4488,"href":"http:\/\/ilan.tavsanli.bel.tr\/index.php\/wp-json\/wp\/v2\/posts\/4487\/revisions\/4488"}],"wp:attachment":[{"href":"http:\/\/ilan.tavsanli.bel.tr\/index.php\/wp-json\/wp\/v2\/media?parent=4487"}],"wp:term":[{"taxonomy":"category","embeddable":true,"href":"http:\/\/ilan.tavsanli.bel.tr\/index.php\/wp-json\/wp\/v2\/categories?post=4487"},{"taxonomy":"post_tag","embeddable":true,"href":"http:\/\/ilan.tavsanli.bel.tr\/index.php\/wp-json\/wp\/v2\/tags?post=4487"}],"curies":[{"name":"wp","href":"https:\/\/api.w.org\/{rel}","templated":true}]}}