{"id":4286,"date":"2022-11-18T08:16:35","date_gmt":"2022-11-18T08:16:35","guid":{"rendered":"http:\/\/ilan.tavsanli.bel.tr\/?p=4286"},"modified":"2022-11-18T08:16:35","modified_gmt":"2022-11-18T08:16:35","slug":"4286","status":"publish","type":"post","link":"http:\/\/ilan.tavsanli.bel.tr\/index.php\/2022\/11\/18\/4286\/","title":{"rendered":""},"content":{"rendered":"\n<p><strong>Bozbelen k\u00f6y\u00fcnden Ramazan Derin\u2019in e\u015fi, \u0130smail, Metin ve merhum G\u00fcltekin Girgin\u2019in ablas\u0131, Tu\u011fba ve Yusuf Derin\u2019in anneleri, \u0130rfan Yavuz\u2019un kay\u0131nvalidesi, G\u00dcL\u0130ZAR DER\u0130N vefat etmi\u015ftir. Cenazesi ulucamide k\u0131l\u0131nacak cuma namaz\u0131n\u0131 m\u00fcteakip yeni yaylac\u0131k mezarl\u0131\u011f\u0131na defnedilecektir. Merhumeye Allah\u2019tan rahmet ailesine ve yak\u0131nlar\u0131na ba\u015fsa\u011fl\u0131\u011f\u0131 dileriz.<\/strong><\/p>\n","protected":false},"excerpt":{"rendered":"<p>Bozbelen k\u00f6y\u00fcnden Ramazan Derin\u2019in e\u015fi, \u0130smail, Metin ve merhum G\u00fcltekin Girgin\u2019in ablas\u0131, Tu\u011fba ve Yusuf Derin\u2019in anneleri, \u0130rfan Yavuz\u2019un kay\u0131nvalidesi, G\u00dcL\u0130ZAR DER\u0130N vefat etmi\u015ftir. Cenazesi ulucamide k\u0131l\u0131nacak cuma namaz\u0131n\u0131 m\u00fcteakip yeni yaylac\u0131k mezarl\u0131\u011f\u0131na defnedilecektir. Merhumeye Allah\u2019tan rahmet ailesine ve yak\u0131nlar\u0131na ba\u015fsa\u011fl\u0131\u011f\u0131 dileriz.<\/p>\n","protected":false},"author":5,"featured_media":0,"comment_status":"closed","ping_status":"","sticky":false,"template":"","format":"standard","meta":[],"categories":[2],"tags":[],"_links":{"self":[{"href":"http:\/\/ilan.tavsanli.bel.tr\/index.php\/wp-json\/wp\/v2\/posts\/4286"}],"collection":[{"href":"http:\/\/ilan.tavsanli.bel.tr\/index.php\/wp-json\/wp\/v2\/posts"}],"about":[{"href":"http:\/\/ilan.tavsanli.bel.tr\/index.php\/wp-json\/wp\/v2\/types\/post"}],"author":[{"embeddable":true,"href":"http:\/\/ilan.tavsanli.bel.tr\/index.php\/wp-json\/wp\/v2\/users\/5"}],"replies":[{"embeddable":true,"href":"http:\/\/ilan.tavsanli.bel.tr\/index.php\/wp-json\/wp\/v2\/comments?post=4286"}],"version-history":[{"count":1,"href":"http:\/\/ilan.tavsanli.bel.tr\/index.php\/wp-json\/wp\/v2\/posts\/4286\/revisions"}],"predecessor-version":[{"id":4287,"href":"http:\/\/ilan.tavsanli.bel.tr\/index.php\/wp-json\/wp\/v2\/posts\/4286\/revisions\/4287"}],"wp:attachment":[{"href":"http:\/\/ilan.tavsanli.bel.tr\/index.php\/wp-json\/wp\/v2\/media?parent=4286"}],"wp:term":[{"taxonomy":"category","embeddable":true,"href":"http:\/\/ilan.tavsanli.bel.tr\/index.php\/wp-json\/wp\/v2\/categories?post=4286"},{"taxonomy":"post_tag","embeddable":true,"href":"http:\/\/ilan.tavsanli.bel.tr\/index.php\/wp-json\/wp\/v2\/tags?post=4286"}],"curies":[{"name":"wp","href":"https:\/\/api.w.org\/{rel}","templated":true}]}}