{"id":4278,"date":"2022-11-16T11:09:31","date_gmt":"2022-11-16T11:09:31","guid":{"rendered":"http:\/\/ilan.tavsanli.bel.tr\/?p=4278"},"modified":"2022-11-16T11:09:31","modified_gmt":"2022-11-16T11:09:31","slug":"4278","status":"publish","type":"post","link":"http:\/\/ilan.tavsanli.bel.tr\/index.php\/2022\/11\/16\/4278\/","title":{"rendered":""},"content":{"rendered":"\n<p><strong>Kay\u0131k\u00f6yl\u00fc Mehmet Ali \u00d6z\u2019\u00fcn e\u015fi, Hasan ve merhum \u0130smail \u00d6z\u2019\u00fcn anneleri, Ahmet Aslan\u2019\u0131n ablas\u0131, Ahmet Emre\u2019nin kay\u0131nvalidesi, FATMA \u00d6Z vefat etmi\u015ftir. Cenazesi han\u0131m \u00e7e\u015fme camisinde k\u0131l\u0131nacak ikindi namaz\u0131n\u0131 m\u00fcteakip tav\u015fanl\u0131 mezarl\u0131\u011f\u0131na defnedilecektir. Merhumeye Allah\u2019tan rahmet ailesine ve yak\u0131nlar\u0131na ba\u015fsa\u011fl\u0131\u011f\u0131 dileriz.<\/strong><\/p>\n","protected":false},"excerpt":{"rendered":"<p>Kay\u0131k\u00f6yl\u00fc Mehmet Ali \u00d6z\u2019\u00fcn e\u015fi, Hasan ve merhum \u0130smail \u00d6z\u2019\u00fcn anneleri, Ahmet Aslan\u2019\u0131n ablas\u0131, Ahmet Emre\u2019nin kay\u0131nvalidesi, FATMA \u00d6Z vefat etmi\u015ftir. Cenazesi han\u0131m \u00e7e\u015fme camisinde k\u0131l\u0131nacak ikindi namaz\u0131n\u0131 m\u00fcteakip tav\u015fanl\u0131 mezarl\u0131\u011f\u0131na defnedilecektir. Merhumeye Allah\u2019tan rahmet ailesine ve yak\u0131nlar\u0131na ba\u015fsa\u011fl\u0131\u011f\u0131 dileriz.<\/p>\n","protected":false},"author":5,"featured_media":0,"comment_status":"closed","ping_status":"","sticky":false,"template":"","format":"standard","meta":[],"categories":[2],"tags":[],"_links":{"self":[{"href":"http:\/\/ilan.tavsanli.bel.tr\/index.php\/wp-json\/wp\/v2\/posts\/4278"}],"collection":[{"href":"http:\/\/ilan.tavsanli.bel.tr\/index.php\/wp-json\/wp\/v2\/posts"}],"about":[{"href":"http:\/\/ilan.tavsanli.bel.tr\/index.php\/wp-json\/wp\/v2\/types\/post"}],"author":[{"embeddable":true,"href":"http:\/\/ilan.tavsanli.bel.tr\/index.php\/wp-json\/wp\/v2\/users\/5"}],"replies":[{"embeddable":true,"href":"http:\/\/ilan.tavsanli.bel.tr\/index.php\/wp-json\/wp\/v2\/comments?post=4278"}],"version-history":[{"count":1,"href":"http:\/\/ilan.tavsanli.bel.tr\/index.php\/wp-json\/wp\/v2\/posts\/4278\/revisions"}],"predecessor-version":[{"id":4279,"href":"http:\/\/ilan.tavsanli.bel.tr\/index.php\/wp-json\/wp\/v2\/posts\/4278\/revisions\/4279"}],"wp:attachment":[{"href":"http:\/\/ilan.tavsanli.bel.tr\/index.php\/wp-json\/wp\/v2\/media?parent=4278"}],"wp:term":[{"taxonomy":"category","embeddable":true,"href":"http:\/\/ilan.tavsanli.bel.tr\/index.php\/wp-json\/wp\/v2\/categories?post=4278"},{"taxonomy":"post_tag","embeddable":true,"href":"http:\/\/ilan.tavsanli.bel.tr\/index.php\/wp-json\/wp\/v2\/tags?post=4278"}],"curies":[{"name":"wp","href":"https:\/\/api.w.org\/{rel}","templated":true}]}}