{"id":4238,"date":"2022-11-06T09:58:24","date_gmt":"2022-11-06T09:58:24","guid":{"rendered":"http:\/\/ilan.tavsanli.bel.tr\/?p=4238"},"modified":"2022-11-06T09:58:24","modified_gmt":"2022-11-06T09:58:24","slug":"4238","status":"publish","type":"post","link":"http:\/\/ilan.tavsanli.bel.tr\/index.php\/2022\/11\/06\/4238\/","title":{"rendered":""},"content":{"rendered":"\n<p>Merhum Ramazan Sar\u0131ca&#8217;n\u0131n e\u015fi, Ahmet Ali ve H\u00fcseyin Sar\u0131ca&#8217;n\u0131n anneleri, H\u00fcseyin Akda\u011f, Mehmet Teke, Dursun Akda\u011f ve merhum H\u00fcseyin Akda\u011f&#8217;\u0131n kay\u0131nvalidesi, AY\u015eE SARICA vefat etmi\u015ftir. Cenazesi killik camisinde k\u0131l\u0131nacak \u00f6\u011fle namaz\u0131n\u0131 m\u00fcteakip yeni  yaylac\u0131k mezarl\u0131\u011f\u0131na defnedilecektir. Merhumeye Allah&#8217;tan rahmet ailesi ve yak\u0131nlar\u0131na ba\u015f sa\u011fl\u0131\u011f\u0131 dileriz. <\/p>\n","protected":false},"excerpt":{"rendered":"<p>Merhum Ramazan Sar\u0131ca&#8217;n\u0131n e\u015fi, Ahmet Ali ve H\u00fcseyin Sar\u0131ca&#8217;n\u0131n anneleri, H\u00fcseyin Akda\u011f, Mehmet Teke, Dursun Akda\u011f ve merhum H\u00fcseyin Akda\u011f&#8217;\u0131n kay\u0131nvalidesi, AY\u015eE SARICA vefat etmi\u015ftir. Cenazesi killik camisinde k\u0131l\u0131nacak \u00f6\u011fle namaz\u0131n\u0131 m\u00fcteakip yeni yaylac\u0131k mezarl\u0131\u011f\u0131na defnedilecektir. Merhumeye Allah&#8217;tan rahmet ailesi ve yak\u0131nlar\u0131na ba\u015f sa\u011fl\u0131\u011f\u0131 dileriz.<\/p>\n","protected":false},"author":5,"featured_media":0,"comment_status":"closed","ping_status":"","sticky":false,"template":"","format":"standard","meta":[],"categories":[2],"tags":[],"_links":{"self":[{"href":"http:\/\/ilan.tavsanli.bel.tr\/index.php\/wp-json\/wp\/v2\/posts\/4238"}],"collection":[{"href":"http:\/\/ilan.tavsanli.bel.tr\/index.php\/wp-json\/wp\/v2\/posts"}],"about":[{"href":"http:\/\/ilan.tavsanli.bel.tr\/index.php\/wp-json\/wp\/v2\/types\/post"}],"author":[{"embeddable":true,"href":"http:\/\/ilan.tavsanli.bel.tr\/index.php\/wp-json\/wp\/v2\/users\/5"}],"replies":[{"embeddable":true,"href":"http:\/\/ilan.tavsanli.bel.tr\/index.php\/wp-json\/wp\/v2\/comments?post=4238"}],"version-history":[{"count":1,"href":"http:\/\/ilan.tavsanli.bel.tr\/index.php\/wp-json\/wp\/v2\/posts\/4238\/revisions"}],"predecessor-version":[{"id":4239,"href":"http:\/\/ilan.tavsanli.bel.tr\/index.php\/wp-json\/wp\/v2\/posts\/4238\/revisions\/4239"}],"wp:attachment":[{"href":"http:\/\/ilan.tavsanli.bel.tr\/index.php\/wp-json\/wp\/v2\/media?parent=4238"}],"wp:term":[{"taxonomy":"category","embeddable":true,"href":"http:\/\/ilan.tavsanli.bel.tr\/index.php\/wp-json\/wp\/v2\/categories?post=4238"},{"taxonomy":"post_tag","embeddable":true,"href":"http:\/\/ilan.tavsanli.bel.tr\/index.php\/wp-json\/wp\/v2\/tags?post=4238"}],"curies":[{"name":"wp","href":"https:\/\/api.w.org\/{rel}","templated":true}]}}